{"id":12524467,"date":"2017-08-17T11:28:42","date_gmt":"2017-08-17T09:28:42","guid":{"rendered":"https:\/\/www.etf.fr\/uncategorized\/lyon-une-nouvelle-ligne-de-tramway-tres-connectee\/"},"modified":"2025-09-30T10:40:58","modified_gmt":"2025-09-30T08:40:58","slug":"lyon-une-nouvelle-ligne-de-tramway-tres-connectee","status":"publish","type":"post","link":"https:\/\/www.etf.fr\/en\/agences-grands-projets-transports-urbains-en\/lyon-une-nouvelle-ligne-de-tramway-tres-connectee\/","title":{"rendered":"Lyon, a new, highly connected tram line"},"content":{"rendered":"At the end of June 2017, the consortium commissioned by ETF was awarded the contract to build line T6 of the Lyon tramway.\n\nConstruction will begin in September 2017, with the line scheduled to open in December 2019.\n\nThe project includes 6.7 km of track, as well as two crossings and a connection to the existing tram lines: work that will have to be carried out while the tram service is suspended.\n\nThe experience of ETF and the companies in the consortium on this type of project in the Lyon metropolitan area was a decisive factor in the client&#8217;s choice.","protected":false},"excerpt":{"rendered":"<p>At the end of June 2017, the consortium commissioned by ETF was awarded the contract to build line T6 of the Lyon tramway.<\/p>\n","protected":false},"author":3,"featured_media":12524468,"comment_status":"closed","ping_status":"open","sticky":false,"template":"","format":"standard","meta":{"_acf_changed":false,"footnotes":""},"categories":[192],"tags":[],"class_list":["post-12524467","post","type-post","status-publish","format-standard","has-post-thumbnail","hentry","category-agences-grands-projets-transports-urbains-en"],"acf":[],"yoast_head":"<!-- This site is optimized with the Yoast SEO plugin v27.1.1 - https:\/\/yoast.com\/product\/yoast-seo-wordpress\/ -->\n<title>Lyon, une nouvelle ligne de tramway tr\u00e8s &quot;connect\u00e9e&quot;<\/title>\n<meta name=\"description\" content=\"Fin juin 2017, le groupement mandat\u00e9 par ETF a remport\u00e9 la construction de la ligne T6 du tramway de Lyon. Le chantier d\u00e9butera au mois de septembre 2017.\" \/>\n<meta name=\"robots\" content=\"index, follow, max-snippet:-1, max-image-preview:large, max-video-preview:-1\" \/>\n<link rel=\"canonical\" href=\"https:\/\/www.etf.fr\/en\/agences-grands-projets-transports-urbains-en\/lyon-une-nouvelle-ligne-de-tramway-tres-connectee\/\" \/>\n<meta property=\"og:locale\" content=\"en_US\" \/>\n<meta property=\"og:type\" content=\"article\" \/>\n<meta property=\"og:title\" content=\"Lyon, une nouvelle ligne de tramway tr\u00e8s &quot;connect\u00e9e&quot;\" \/>\n<meta property=\"og:description\" content=\"Fin juin 2017, le groupement mandat\u00e9 par ETF a remport\u00e9 la construction de la ligne T6 du tramway de Lyon. Le chantier d\u00e9butera au mois de septembre 2017.\" \/>\n<meta property=\"og:url\" content=\"https:\/\/www.etf.fr\/en\/agences-grands-projets-transports-urbains-en\/lyon-une-nouvelle-ligne-de-tramway-tres-connectee\/\" \/>\n<meta property=\"og:site_name\" content=\"ETF\" \/>\n<meta property=\"article:published_time\" content=\"2017-08-17T09:28:42+00:00\" \/>\n<meta property=\"article:modified_time\" content=\"2025-09-30T08:40:58+00:00\" \/>\n<meta property=\"og:image\" content=\"https:\/\/www.etf.fr\/wp-content\/uploads\/2018\/11\/t6_lyon.jpg\" \/>\n\t<meta property=\"og:image:width\" content=\"800\" \/>\n\t<meta property=\"og:image:height\" content=\"506\" \/>\n\t<meta property=\"og:image:type\" content=\"image\/jpeg\" \/>\n<meta name=\"author\" content=\"brice\" \/>\n<meta name=\"twitter:card\" content=\"summary_large_image\" \/>\n<meta name=\"twitter:label1\" content=\"Written by\" \/>\n\t<meta name=\"twitter:data1\" content=\"brice\" \/>\n\t<meta name=\"twitter:label2\" content=\"Est. reading time\" \/>\n\t<meta name=\"twitter:data2\" content=\"1 minute\" \/>\n<script type=\"application\/ld+json\" class=\"yoast-schema-graph\">{\"@context\":\"https:\/\/schema.org\",\"@graph\":[{\"@type\":\"Article\",\"@id\":\"https:\/\/www.etf.fr\/en\/agences-grands-projets-transports-urbains-en\/lyon-une-nouvelle-ligne-de-tramway-tres-connectee\/#article\",\"isPartOf\":{\"@id\":\"https:\/\/www.etf.fr\/en\/agences-grands-projets-transports-urbains-en\/lyon-une-nouvelle-ligne-de-tramway-tres-connectee\/\"},\"author\":{\"name\":\"brice\",\"@id\":\"https:\/\/www.etf.fr\/#\/schema\/person\/732055a69ee6fdaf6db70f6bb1d3b5ae\"},\"headline\":\"Lyon, a new, highly connected tram line\",\"datePublished\":\"2017-08-17T09:28:42+00:00\",\"dateModified\":\"2025-09-30T08:40:58+00:00\",\"mainEntityOfPage\":{\"@id\":\"https:\/\/www.etf.fr\/en\/agences-grands-projets-transports-urbains-en\/lyon-une-nouvelle-ligne-de-tramway-tres-connectee\/\"},\"wordCount\":103,\"publisher\":{\"@id\":\"https:\/\/www.etf.fr\/#organization\"},\"image\":{\"@id\":\"https:\/\/www.etf.fr\/en\/agences-grands-projets-transports-urbains-en\/lyon-une-nouvelle-ligne-de-tramway-tres-connectee\/#primaryimage\"},\"thumbnailUrl\":\"https:\/\/www.etf.fr\/wp-content\/uploads\/2018\/11\/t6_lyon.jpg\",\"articleSection\":[\"Agences Grands Projets Urbains\"],\"inLanguage\":\"en-US\"},{\"@type\":\"WebPage\",\"@id\":\"https:\/\/www.etf.fr\/en\/agences-grands-projets-transports-urbains-en\/lyon-une-nouvelle-ligne-de-tramway-tres-connectee\/\",\"url\":\"https:\/\/www.etf.fr\/en\/agences-grands-projets-transports-urbains-en\/lyon-une-nouvelle-ligne-de-tramway-tres-connectee\/\",\"name\":\"Lyon, une nouvelle ligne de tramway tr\u00e8s \\\"connect\u00e9e\\\"\",\"isPartOf\":{\"@id\":\"https:\/\/www.etf.fr\/#website\"},\"primaryImageOfPage\":{\"@id\":\"https:\/\/www.etf.fr\/en\/agences-grands-projets-transports-urbains-en\/lyon-une-nouvelle-ligne-de-tramway-tres-connectee\/#primaryimage\"},\"image\":{\"@id\":\"https:\/\/www.etf.fr\/en\/agences-grands-projets-transports-urbains-en\/lyon-une-nouvelle-ligne-de-tramway-tres-connectee\/#primaryimage\"},\"thumbnailUrl\":\"https:\/\/www.etf.fr\/wp-content\/uploads\/2018\/11\/t6_lyon.jpg\",\"datePublished\":\"2017-08-17T09:28:42+00:00\",\"dateModified\":\"2025-09-30T08:40:58+00:00\",\"description\":\"Fin juin 2017, le groupement mandat\u00e9 par ETF a remport\u00e9 la construction de la ligne T6 du tramway de Lyon. Le chantier d\u00e9butera au mois de septembre 2017.\",\"breadcrumb\":{\"@id\":\"https:\/\/www.etf.fr\/en\/agences-grands-projets-transports-urbains-en\/lyon-une-nouvelle-ligne-de-tramway-tres-connectee\/#breadcrumb\"},\"inLanguage\":\"en-US\",\"potentialAction\":[{\"@type\":\"ReadAction\",\"target\":[\"https:\/\/www.etf.fr\/en\/agences-grands-projets-transports-urbains-en\/lyon-une-nouvelle-ligne-de-tramway-tres-connectee\/\"]}]},{\"@type\":\"ImageObject\",\"inLanguage\":\"en-US\",\"@id\":\"https:\/\/www.etf.fr\/en\/agences-grands-projets-transports-urbains-en\/lyon-une-nouvelle-ligne-de-tramway-tres-connectee\/#primaryimage\",\"url\":\"https:\/\/www.etf.fr\/wp-content\/uploads\/2018\/11\/t6_lyon.jpg\",\"contentUrl\":\"https:\/\/www.etf.fr\/wp-content\/uploads\/2018\/11\/t6_lyon.jpg\",\"width\":800,\"height\":506},{\"@type\":\"BreadcrumbList\",\"@id\":\"https:\/\/www.etf.fr\/en\/agences-grands-projets-transports-urbains-en\/lyon-une-nouvelle-ligne-de-tramway-tres-connectee\/#breadcrumb\",\"itemListElement\":[{\"@type\":\"ListItem\",\"position\":1,\"name\":\"Accueil\",\"item\":\"https:\/\/www.etf.fr\/en\/\"},{\"@type\":\"ListItem\",\"position\":2,\"name\":\"Lyon, a new, highly connected tram line\"}]},{\"@type\":\"WebSite\",\"@id\":\"https:\/\/www.etf.fr\/#website\",\"url\":\"https:\/\/www.etf.fr\/\",\"name\":\"ETF\",\"description\":\"Your transport partner worldwide\",\"publisher\":{\"@id\":\"https:\/\/www.etf.fr\/#organization\"},\"potentialAction\":[{\"@type\":\"SearchAction\",\"target\":{\"@type\":\"EntryPoint\",\"urlTemplate\":\"https:\/\/www.etf.fr\/?s={search_term_string}\"},\"query-input\":{\"@type\":\"PropertyValueSpecification\",\"valueRequired\":true,\"valueName\":\"search_term_string\"}}],\"inLanguage\":\"en-US\"},{\"@type\":\"Organization\",\"@id\":\"https:\/\/www.etf.fr\/#organization\",\"name\":\"ETF\",\"url\":\"https:\/\/www.etf.fr\/\",\"logo\":{\"@type\":\"ImageObject\",\"inLanguage\":\"en-US\",\"@id\":\"https:\/\/www.etf.fr\/#\/schema\/logo\/image\/\",\"url\":\"https:\/\/www.etf.fr\/wp-content\/uploads\/2019\/03\/logo-ETF.png\",\"contentUrl\":\"https:\/\/www.etf.fr\/wp-content\/uploads\/2019\/03\/logo-ETF.png\",\"width\":272,\"height\":161,\"caption\":\"ETF\"},\"image\":{\"@id\":\"https:\/\/www.etf.fr\/#\/schema\/logo\/image\/\"}},{\"@type\":\"Person\",\"@id\":\"https:\/\/www.etf.fr\/#\/schema\/person\/732055a69ee6fdaf6db70f6bb1d3b5ae\",\"name\":\"brice\",\"url\":\"https:\/\/www.etf.fr\/en\/author\/brice\/\"}]}<\/script>\n<!-- \/ Yoast SEO plugin. -->","yoast_head_json":{"title":"Lyon, une nouvelle ligne de tramway tr\u00e8s \"connect\u00e9e\"","description":"Fin juin 2017, le groupement mandat\u00e9 par ETF a remport\u00e9 la construction de la ligne T6 du tramway de Lyon. Le chantier d\u00e9butera au mois de septembre 2017.","robots":{"index":"index","follow":"follow","max-snippet":"max-snippet:-1","max-image-preview":"max-image-preview:large","max-video-preview":"max-video-preview:-1"},"canonical":"https:\/\/www.etf.fr\/en\/agences-grands-projets-transports-urbains-en\/lyon-une-nouvelle-ligne-de-tramway-tres-connectee\/","og_locale":"en_US","og_type":"article","og_title":"Lyon, une nouvelle ligne de tramway tr\u00e8s \"connect\u00e9e\"","og_description":"Fin juin 2017, le groupement mandat\u00e9 par ETF a remport\u00e9 la construction de la ligne T6 du tramway de Lyon. Le chantier d\u00e9butera au mois de septembre 2017.","og_url":"https:\/\/www.etf.fr\/en\/agences-grands-projets-transports-urbains-en\/lyon-une-nouvelle-ligne-de-tramway-tres-connectee\/","og_site_name":"ETF","article_published_time":"2017-08-17T09:28:42+00:00","article_modified_time":"2025-09-30T08:40:58+00:00","og_image":[{"width":800,"height":506,"url":"https:\/\/www.etf.fr\/wp-content\/uploads\/2018\/11\/t6_lyon.jpg","type":"image\/jpeg"}],"author":"brice","twitter_card":"summary_large_image","twitter_misc":{"Written by":"brice","Est. reading time":"1 minute"},"schema":{"@context":"https:\/\/schema.org","@graph":[{"@type":"Article","@id":"https:\/\/www.etf.fr\/en\/agences-grands-projets-transports-urbains-en\/lyon-une-nouvelle-ligne-de-tramway-tres-connectee\/#article","isPartOf":{"@id":"https:\/\/www.etf.fr\/en\/agences-grands-projets-transports-urbains-en\/lyon-une-nouvelle-ligne-de-tramway-tres-connectee\/"},"author":{"name":"brice","@id":"https:\/\/www.etf.fr\/#\/schema\/person\/732055a69ee6fdaf6db70f6bb1d3b5ae"},"headline":"Lyon, a new, highly connected tram line","datePublished":"2017-08-17T09:28:42+00:00","dateModified":"2025-09-30T08:40:58+00:00","mainEntityOfPage":{"@id":"https:\/\/www.etf.fr\/en\/agences-grands-projets-transports-urbains-en\/lyon-une-nouvelle-ligne-de-tramway-tres-connectee\/"},"wordCount":103,"publisher":{"@id":"https:\/\/www.etf.fr\/#organization"},"image":{"@id":"https:\/\/www.etf.fr\/en\/agences-grands-projets-transports-urbains-en\/lyon-une-nouvelle-ligne-de-tramway-tres-connectee\/#primaryimage"},"thumbnailUrl":"https:\/\/www.etf.fr\/wp-content\/uploads\/2018\/11\/t6_lyon.jpg","articleSection":["Agences Grands Projets Urbains"],"inLanguage":"en-US"},{"@type":"WebPage","@id":"https:\/\/www.etf.fr\/en\/agences-grands-projets-transports-urbains-en\/lyon-une-nouvelle-ligne-de-tramway-tres-connectee\/","url":"https:\/\/www.etf.fr\/en\/agences-grands-projets-transports-urbains-en\/lyon-une-nouvelle-ligne-de-tramway-tres-connectee\/","name":"Lyon, une nouvelle ligne de tramway tr\u00e8s \"connect\u00e9e\"","isPartOf":{"@id":"https:\/\/www.etf.fr\/#website"},"primaryImageOfPage":{"@id":"https:\/\/www.etf.fr\/en\/agences-grands-projets-transports-urbains-en\/lyon-une-nouvelle-ligne-de-tramway-tres-connectee\/#primaryimage"},"image":{"@id":"https:\/\/www.etf.fr\/en\/agences-grands-projets-transports-urbains-en\/lyon-une-nouvelle-ligne-de-tramway-tres-connectee\/#primaryimage"},"thumbnailUrl":"https:\/\/www.etf.fr\/wp-content\/uploads\/2018\/11\/t6_lyon.jpg","datePublished":"2017-08-17T09:28:42+00:00","dateModified":"2025-09-30T08:40:58+00:00","description":"Fin juin 2017, le groupement mandat\u00e9 par ETF a remport\u00e9 la construction de la ligne T6 du tramway de Lyon. Le chantier d\u00e9butera au mois de septembre 2017.","breadcrumb":{"@id":"https:\/\/www.etf.fr\/en\/agences-grands-projets-transports-urbains-en\/lyon-une-nouvelle-ligne-de-tramway-tres-connectee\/#breadcrumb"},"inLanguage":"en-US","potentialAction":[{"@type":"ReadAction","target":["https:\/\/www.etf.fr\/en\/agences-grands-projets-transports-urbains-en\/lyon-une-nouvelle-ligne-de-tramway-tres-connectee\/"]}]},{"@type":"ImageObject","inLanguage":"en-US","@id":"https:\/\/www.etf.fr\/en\/agences-grands-projets-transports-urbains-en\/lyon-une-nouvelle-ligne-de-tramway-tres-connectee\/#primaryimage","url":"https:\/\/www.etf.fr\/wp-content\/uploads\/2018\/11\/t6_lyon.jpg","contentUrl":"https:\/\/www.etf.fr\/wp-content\/uploads\/2018\/11\/t6_lyon.jpg","width":800,"height":506},{"@type":"BreadcrumbList","@id":"https:\/\/www.etf.fr\/en\/agences-grands-projets-transports-urbains-en\/lyon-une-nouvelle-ligne-de-tramway-tres-connectee\/#breadcrumb","itemListElement":[{"@type":"ListItem","position":1,"name":"Accueil","item":"https:\/\/www.etf.fr\/en\/"},{"@type":"ListItem","position":2,"name":"Lyon, a new, highly connected tram line"}]},{"@type":"WebSite","@id":"https:\/\/www.etf.fr\/#website","url":"https:\/\/www.etf.fr\/","name":"ETF","description":"Your transport partner worldwide","publisher":{"@id":"https:\/\/www.etf.fr\/#organization"},"potentialAction":[{"@type":"SearchAction","target":{"@type":"EntryPoint","urlTemplate":"https:\/\/www.etf.fr\/?s={search_term_string}"},"query-input":{"@type":"PropertyValueSpecification","valueRequired":true,"valueName":"search_term_string"}}],"inLanguage":"en-US"},{"@type":"Organization","@id":"https:\/\/www.etf.fr\/#organization","name":"ETF","url":"https:\/\/www.etf.fr\/","logo":{"@type":"ImageObject","inLanguage":"en-US","@id":"https:\/\/www.etf.fr\/#\/schema\/logo\/image\/","url":"https:\/\/www.etf.fr\/wp-content\/uploads\/2019\/03\/logo-ETF.png","contentUrl":"https:\/\/www.etf.fr\/wp-content\/uploads\/2019\/03\/logo-ETF.png","width":272,"height":161,"caption":"ETF"},"image":{"@id":"https:\/\/www.etf.fr\/#\/schema\/logo\/image\/"}},{"@type":"Person","@id":"https:\/\/www.etf.fr\/#\/schema\/person\/732055a69ee6fdaf6db70f6bb1d3b5ae","name":"brice","url":"https:\/\/www.etf.fr\/en\/author\/brice\/"}]}},"_links":{"self":[{"href":"https:\/\/www.etf.fr\/en\/wp-json\/wp\/v2\/posts\/12524467","targetHints":{"allow":["GET"]}}],"collection":[{"href":"https:\/\/www.etf.fr\/en\/wp-json\/wp\/v2\/posts"}],"about":[{"href":"https:\/\/www.etf.fr\/en\/wp-json\/wp\/v2\/types\/post"}],"author":[{"embeddable":true,"href":"https:\/\/www.etf.fr\/en\/wp-json\/wp\/v2\/users\/3"}],"replies":[{"embeddable":true,"href":"https:\/\/www.etf.fr\/en\/wp-json\/wp\/v2\/comments?post=12524467"}],"version-history":[{"count":2,"href":"https:\/\/www.etf.fr\/en\/wp-json\/wp\/v2\/posts\/12524467\/revisions"}],"predecessor-version":[{"id":12524527,"href":"https:\/\/www.etf.fr\/en\/wp-json\/wp\/v2\/posts\/12524467\/revisions\/12524527"}],"wp:featuredmedia":[{"embeddable":true,"href":"https:\/\/www.etf.fr\/en\/wp-json\/wp\/v2\/media\/12524468"}],"wp:attachment":[{"href":"https:\/\/www.etf.fr\/en\/wp-json\/wp\/v2\/media?parent=12524467"}],"wp:term":[{"taxonomy":"category","embeddable":true,"href":"https:\/\/www.etf.fr\/en\/wp-json\/wp\/v2\/categories?post=12524467"},{"taxonomy":"post_tag","embeddable":true,"href":"https:\/\/www.etf.fr\/en\/wp-json\/wp\/v2\/tags?post=12524467"}],"curies":[{"name":"wp","href":"https:\/\/api.w.org\/{rel}","templated":true}]}}