{"id":12524536,"date":"2017-03-24T11:39:23","date_gmt":"2017-03-24T10:39:23","guid":{"rendered":"https:\/\/www.etf.fr\/uncategorized\/sifer-2017\/"},"modified":"2025-09-30T10:44:37","modified_gmt":"2025-09-30T08:44:37","slug":"sifer-2017","status":"publish","type":"post","link":"https:\/\/www.etf.fr\/en\/actualites-en\/sifer-2017\/","title":{"rendered":"SIFER 2017"},"content":{"rendered":"ETF was the partner for the Infrastructure zone at the SIFER trade fair, which was held in Lille from 21 to 23 March 2017. It was a great success, with nearly 320 partners visiting the ETF stand.\n\nOn the morning of 21 March, ETF welcomed Patrick Jeantet, President of SNCF R\u00e9seau, accompanied by Louis N\u00e8gre, President of the Federation of Railway Industries (FIF) and President of the Groupement des Autorit\u00e9s Responsables du Transport (GART). Discussions focused on the various growing forms of partnership between ETF and SNCF R\u00e9seau, on training and on shared innovation.\n\n<b>On the afternoon of 21 March, ETF took part in a round table discussion on the theme of \u2018SNCF R\u00e9seau and railway companies: towards a new model of cooperation\u2019.<\/b> The main topic of discussion was the modernisation and regeneration of the national rail network and the conditions for a double success for all partners. ETF was able to discuss its activities on the modernisation of the RER C catenary and present its innovations implemented on the Zones Denses rapid transit system.\n\n<b>On 21 March, in the late afternoon<\/b>, <a href=\"http:\/\/www.i-trans.org\/\">i-Trans<\/a> presented the \u2018<b>Innovation Awards<\/b>\u2019. This project, led by , is part of the actions carried out with ERCI (European Railway Clusters Initiative). ERCI is a network coordinated by i-Trans, comprising 12 European railway clusters focused on research and innovation in the railway sector, from 10 EU Member States: Austria, Belgium, Denmark, France, Germany, Italy, Poland, Spain, Sweden and the United Kingdom. ETF was awarded the \u2018jury&#8217;s favourite\u2019 prize for its \u2018dual-flow ballast transport train\u2019 solution, in recognition of the significant impact this solution will have on the railway industry. With this award, ETF has qualified for the European final, which will be held at the TRAKO trade fair in Poland next September.","protected":false},"excerpt":{"rendered":"<p>ETF was the partner for the Infrastructure zone at the SIFER trade fair, which took place in Lille from 21 to 23 March 2017. It was a great success, with nearly 320 partners visiting the ETF stand.<\/p>\n","protected":false},"author":3,"featured_media":12524537,"comment_status":"closed","ping_status":"open","sticky":false,"template":"","format":"standard","meta":{"_acf_changed":false,"footnotes":""},"categories":[191],"tags":[],"class_list":["post-12524536","post","type-post","status-publish","format-standard","has-post-thumbnail","hentry","category-actualites-en"],"acf":[],"yoast_head":"<!-- This site is optimized with the Yoast SEO plugin v27.1.1 - https:\/\/yoast.com\/product\/yoast-seo-wordpress\/ -->\n<title>ETF partenaire du salon SIFER tenu \u00e0 Lille en mars 2017<\/title>\n<meta name=\"description\" content=\"ETF \u00e9tait le partenaire de la zone Infrastructure du salon SIFER qui s&#039;est tenu \u00e0 Lille en mars 2017. Une belle r\u00e9ussite avec pr\u00e8s de 320 partenaires.\" \/>\n<meta name=\"robots\" content=\"index, follow, max-snippet:-1, max-image-preview:large, max-video-preview:-1\" \/>\n<link rel=\"canonical\" href=\"https:\/\/www.etf.fr\/en\/actualites-en\/sifer-2017\/\" \/>\n<meta property=\"og:locale\" content=\"en_US\" \/>\n<meta property=\"og:type\" content=\"article\" \/>\n<meta property=\"og:title\" content=\"ETF partenaire du salon SIFER tenu \u00e0 Lille en mars 2017\" \/>\n<meta property=\"og:description\" content=\"ETF \u00e9tait le partenaire de la zone Infrastructure du salon SIFER qui s&#039;est tenu \u00e0 Lille en mars 2017. Une belle r\u00e9ussite avec pr\u00e8s de 320 partenaires.\" \/>\n<meta property=\"og:url\" content=\"https:\/\/www.etf.fr\/en\/actualites-en\/sifer-2017\/\" \/>\n<meta property=\"og:site_name\" content=\"ETF\" \/>\n<meta property=\"article:published_time\" content=\"2017-03-24T10:39:23+00:00\" \/>\n<meta property=\"article:modified_time\" content=\"2025-09-30T08:44:37+00:00\" \/>\n<meta property=\"og:image\" content=\"https:\/\/www.etf.fr\/wp-content\/uploads\/2018\/11\/v__a242.jpg\" \/>\n\t<meta property=\"og:image:width\" content=\"800\" \/>\n\t<meta property=\"og:image:height\" content=\"600\" \/>\n\t<meta property=\"og:image:type\" content=\"image\/jpeg\" \/>\n<meta name=\"author\" content=\"brice\" \/>\n<meta name=\"twitter:card\" content=\"summary_large_image\" \/>\n<meta name=\"twitter:label1\" content=\"Written by\" \/>\n\t<meta name=\"twitter:data1\" content=\"brice\" \/>\n\t<meta name=\"twitter:label2\" content=\"Est. reading time\" \/>\n\t<meta name=\"twitter:data2\" content=\"2 minutes\" \/>\n<script type=\"application\/ld+json\" class=\"yoast-schema-graph\">{\"@context\":\"https:\/\/schema.org\",\"@graph\":[{\"@type\":\"Article\",\"@id\":\"https:\/\/www.etf.fr\/en\/actualites-en\/sifer-2017\/#article\",\"isPartOf\":{\"@id\":\"https:\/\/www.etf.fr\/en\/actualites-en\/sifer-2017\/\"},\"author\":{\"name\":\"brice\",\"@id\":\"https:\/\/www.etf.fr\/#\/schema\/person\/732055a69ee6fdaf6db70f6bb1d3b5ae\"},\"headline\":\"SIFER 2017\",\"datePublished\":\"2017-03-24T10:39:23+00:00\",\"dateModified\":\"2025-09-30T08:44:37+00:00\",\"mainEntityOfPage\":{\"@id\":\"https:\/\/www.etf.fr\/en\/actualites-en\/sifer-2017\/\"},\"wordCount\":291,\"publisher\":{\"@id\":\"https:\/\/www.etf.fr\/#organization\"},\"image\":{\"@id\":\"https:\/\/www.etf.fr\/en\/actualites-en\/sifer-2017\/#primaryimage\"},\"thumbnailUrl\":\"https:\/\/www.etf.fr\/wp-content\/uploads\/2018\/11\/v__a242.jpg\",\"articleSection\":[\"Actualit\u00e9s\"],\"inLanguage\":\"en-US\"},{\"@type\":\"WebPage\",\"@id\":\"https:\/\/www.etf.fr\/en\/actualites-en\/sifer-2017\/\",\"url\":\"https:\/\/www.etf.fr\/en\/actualites-en\/sifer-2017\/\",\"name\":\"ETF partenaire du salon SIFER tenu \u00e0 Lille en mars 2017\",\"isPartOf\":{\"@id\":\"https:\/\/www.etf.fr\/#website\"},\"primaryImageOfPage\":{\"@id\":\"https:\/\/www.etf.fr\/en\/actualites-en\/sifer-2017\/#primaryimage\"},\"image\":{\"@id\":\"https:\/\/www.etf.fr\/en\/actualites-en\/sifer-2017\/#primaryimage\"},\"thumbnailUrl\":\"https:\/\/www.etf.fr\/wp-content\/uploads\/2018\/11\/v__a242.jpg\",\"datePublished\":\"2017-03-24T10:39:23+00:00\",\"dateModified\":\"2025-09-30T08:44:37+00:00\",\"description\":\"ETF \u00e9tait le partenaire de la zone Infrastructure du salon SIFER qui s'est tenu \u00e0 Lille en mars 2017. Une belle r\u00e9ussite avec pr\u00e8s de 320 partenaires.\",\"breadcrumb\":{\"@id\":\"https:\/\/www.etf.fr\/en\/actualites-en\/sifer-2017\/#breadcrumb\"},\"inLanguage\":\"en-US\",\"potentialAction\":[{\"@type\":\"ReadAction\",\"target\":[\"https:\/\/www.etf.fr\/en\/actualites-en\/sifer-2017\/\"]}]},{\"@type\":\"ImageObject\",\"inLanguage\":\"en-US\",\"@id\":\"https:\/\/www.etf.fr\/en\/actualites-en\/sifer-2017\/#primaryimage\",\"url\":\"https:\/\/www.etf.fr\/wp-content\/uploads\/2018\/11\/v__a242.jpg\",\"contentUrl\":\"https:\/\/www.etf.fr\/wp-content\/uploads\/2018\/11\/v__a242.jpg\",\"width\":800,\"height\":600},{\"@type\":\"BreadcrumbList\",\"@id\":\"https:\/\/www.etf.fr\/en\/actualites-en\/sifer-2017\/#breadcrumb\",\"itemListElement\":[{\"@type\":\"ListItem\",\"position\":1,\"name\":\"Accueil\",\"item\":\"https:\/\/www.etf.fr\/en\/\"},{\"@type\":\"ListItem\",\"position\":2,\"name\":\"SIFER 2017\"}]},{\"@type\":\"WebSite\",\"@id\":\"https:\/\/www.etf.fr\/#website\",\"url\":\"https:\/\/www.etf.fr\/\",\"name\":\"ETF\",\"description\":\"Your transport partner worldwide\",\"publisher\":{\"@id\":\"https:\/\/www.etf.fr\/#organization\"},\"potentialAction\":[{\"@type\":\"SearchAction\",\"target\":{\"@type\":\"EntryPoint\",\"urlTemplate\":\"https:\/\/www.etf.fr\/?s={search_term_string}\"},\"query-input\":{\"@type\":\"PropertyValueSpecification\",\"valueRequired\":true,\"valueName\":\"search_term_string\"}}],\"inLanguage\":\"en-US\"},{\"@type\":\"Organization\",\"@id\":\"https:\/\/www.etf.fr\/#organization\",\"name\":\"ETF\",\"url\":\"https:\/\/www.etf.fr\/\",\"logo\":{\"@type\":\"ImageObject\",\"inLanguage\":\"en-US\",\"@id\":\"https:\/\/www.etf.fr\/#\/schema\/logo\/image\/\",\"url\":\"https:\/\/www.etf.fr\/wp-content\/uploads\/2019\/03\/logo-ETF.png\",\"contentUrl\":\"https:\/\/www.etf.fr\/wp-content\/uploads\/2019\/03\/logo-ETF.png\",\"width\":272,\"height\":161,\"caption\":\"ETF\"},\"image\":{\"@id\":\"https:\/\/www.etf.fr\/#\/schema\/logo\/image\/\"}},{\"@type\":\"Person\",\"@id\":\"https:\/\/www.etf.fr\/#\/schema\/person\/732055a69ee6fdaf6db70f6bb1d3b5ae\",\"name\":\"brice\",\"url\":\"https:\/\/www.etf.fr\/en\/author\/brice\/\"}]}<\/script>\n<!-- \/ Yoast SEO plugin. -->","yoast_head_json":{"title":"ETF partenaire du salon SIFER tenu \u00e0 Lille en mars 2017","description":"ETF \u00e9tait le partenaire de la zone Infrastructure du salon SIFER qui s'est tenu \u00e0 Lille en mars 2017. Une belle r\u00e9ussite avec pr\u00e8s de 320 partenaires.","robots":{"index":"index","follow":"follow","max-snippet":"max-snippet:-1","max-image-preview":"max-image-preview:large","max-video-preview":"max-video-preview:-1"},"canonical":"https:\/\/www.etf.fr\/en\/actualites-en\/sifer-2017\/","og_locale":"en_US","og_type":"article","og_title":"ETF partenaire du salon SIFER tenu \u00e0 Lille en mars 2017","og_description":"ETF \u00e9tait le partenaire de la zone Infrastructure du salon SIFER qui s'est tenu \u00e0 Lille en mars 2017. Une belle r\u00e9ussite avec pr\u00e8s de 320 partenaires.","og_url":"https:\/\/www.etf.fr\/en\/actualites-en\/sifer-2017\/","og_site_name":"ETF","article_published_time":"2017-03-24T10:39:23+00:00","article_modified_time":"2025-09-30T08:44:37+00:00","og_image":[{"width":800,"height":600,"url":"https:\/\/www.etf.fr\/wp-content\/uploads\/2018\/11\/v__a242.jpg","type":"image\/jpeg"}],"author":"brice","twitter_card":"summary_large_image","twitter_misc":{"Written by":"brice","Est. reading time":"2 minutes"},"schema":{"@context":"https:\/\/schema.org","@graph":[{"@type":"Article","@id":"https:\/\/www.etf.fr\/en\/actualites-en\/sifer-2017\/#article","isPartOf":{"@id":"https:\/\/www.etf.fr\/en\/actualites-en\/sifer-2017\/"},"author":{"name":"brice","@id":"https:\/\/www.etf.fr\/#\/schema\/person\/732055a69ee6fdaf6db70f6bb1d3b5ae"},"headline":"SIFER 2017","datePublished":"2017-03-24T10:39:23+00:00","dateModified":"2025-09-30T08:44:37+00:00","mainEntityOfPage":{"@id":"https:\/\/www.etf.fr\/en\/actualites-en\/sifer-2017\/"},"wordCount":291,"publisher":{"@id":"https:\/\/www.etf.fr\/#organization"},"image":{"@id":"https:\/\/www.etf.fr\/en\/actualites-en\/sifer-2017\/#primaryimage"},"thumbnailUrl":"https:\/\/www.etf.fr\/wp-content\/uploads\/2018\/11\/v__a242.jpg","articleSection":["Actualit\u00e9s"],"inLanguage":"en-US"},{"@type":"WebPage","@id":"https:\/\/www.etf.fr\/en\/actualites-en\/sifer-2017\/","url":"https:\/\/www.etf.fr\/en\/actualites-en\/sifer-2017\/","name":"ETF partenaire du salon SIFER tenu \u00e0 Lille en mars 2017","isPartOf":{"@id":"https:\/\/www.etf.fr\/#website"},"primaryImageOfPage":{"@id":"https:\/\/www.etf.fr\/en\/actualites-en\/sifer-2017\/#primaryimage"},"image":{"@id":"https:\/\/www.etf.fr\/en\/actualites-en\/sifer-2017\/#primaryimage"},"thumbnailUrl":"https:\/\/www.etf.fr\/wp-content\/uploads\/2018\/11\/v__a242.jpg","datePublished":"2017-03-24T10:39:23+00:00","dateModified":"2025-09-30T08:44:37+00:00","description":"ETF \u00e9tait le partenaire de la zone Infrastructure du salon SIFER qui s'est tenu \u00e0 Lille en mars 2017. Une belle r\u00e9ussite avec pr\u00e8s de 320 partenaires.","breadcrumb":{"@id":"https:\/\/www.etf.fr\/en\/actualites-en\/sifer-2017\/#breadcrumb"},"inLanguage":"en-US","potentialAction":[{"@type":"ReadAction","target":["https:\/\/www.etf.fr\/en\/actualites-en\/sifer-2017\/"]}]},{"@type":"ImageObject","inLanguage":"en-US","@id":"https:\/\/www.etf.fr\/en\/actualites-en\/sifer-2017\/#primaryimage","url":"https:\/\/www.etf.fr\/wp-content\/uploads\/2018\/11\/v__a242.jpg","contentUrl":"https:\/\/www.etf.fr\/wp-content\/uploads\/2018\/11\/v__a242.jpg","width":800,"height":600},{"@type":"BreadcrumbList","@id":"https:\/\/www.etf.fr\/en\/actualites-en\/sifer-2017\/#breadcrumb","itemListElement":[{"@type":"ListItem","position":1,"name":"Accueil","item":"https:\/\/www.etf.fr\/en\/"},{"@type":"ListItem","position":2,"name":"SIFER 2017"}]},{"@type":"WebSite","@id":"https:\/\/www.etf.fr\/#website","url":"https:\/\/www.etf.fr\/","name":"ETF","description":"Your transport partner worldwide","publisher":{"@id":"https:\/\/www.etf.fr\/#organization"},"potentialAction":[{"@type":"SearchAction","target":{"@type":"EntryPoint","urlTemplate":"https:\/\/www.etf.fr\/?s={search_term_string}"},"query-input":{"@type":"PropertyValueSpecification","valueRequired":true,"valueName":"search_term_string"}}],"inLanguage":"en-US"},{"@type":"Organization","@id":"https:\/\/www.etf.fr\/#organization","name":"ETF","url":"https:\/\/www.etf.fr\/","logo":{"@type":"ImageObject","inLanguage":"en-US","@id":"https:\/\/www.etf.fr\/#\/schema\/logo\/image\/","url":"https:\/\/www.etf.fr\/wp-content\/uploads\/2019\/03\/logo-ETF.png","contentUrl":"https:\/\/www.etf.fr\/wp-content\/uploads\/2019\/03\/logo-ETF.png","width":272,"height":161,"caption":"ETF"},"image":{"@id":"https:\/\/www.etf.fr\/#\/schema\/logo\/image\/"}},{"@type":"Person","@id":"https:\/\/www.etf.fr\/#\/schema\/person\/732055a69ee6fdaf6db70f6bb1d3b5ae","name":"brice","url":"https:\/\/www.etf.fr\/en\/author\/brice\/"}]}},"_links":{"self":[{"href":"https:\/\/www.etf.fr\/en\/wp-json\/wp\/v2\/posts\/12524536","targetHints":{"allow":["GET"]}}],"collection":[{"href":"https:\/\/www.etf.fr\/en\/wp-json\/wp\/v2\/posts"}],"about":[{"href":"https:\/\/www.etf.fr\/en\/wp-json\/wp\/v2\/types\/post"}],"author":[{"embeddable":true,"href":"https:\/\/www.etf.fr\/en\/wp-json\/wp\/v2\/users\/3"}],"replies":[{"embeddable":true,"href":"https:\/\/www.etf.fr\/en\/wp-json\/wp\/v2\/comments?post=12524536"}],"version-history":[{"count":1,"href":"https:\/\/www.etf.fr\/en\/wp-json\/wp\/v2\/posts\/12524536\/revisions"}],"predecessor-version":[{"id":12524538,"href":"https:\/\/www.etf.fr\/en\/wp-json\/wp\/v2\/posts\/12524536\/revisions\/12524538"}],"wp:featuredmedia":[{"embeddable":true,"href":"https:\/\/www.etf.fr\/en\/wp-json\/wp\/v2\/media\/12524537"}],"wp:attachment":[{"href":"https:\/\/www.etf.fr\/en\/wp-json\/wp\/v2\/media?parent=12524536"}],"wp:term":[{"taxonomy":"category","embeddable":true,"href":"https:\/\/www.etf.fr\/en\/wp-json\/wp\/v2\/categories?post=12524536"},{"taxonomy":"post_tag","embeddable":true,"href":"https:\/\/www.etf.fr\/en\/wp-json\/wp\/v2\/tags?post=12524536"}],"curies":[{"name":"wp","href":"https:\/\/api.w.org\/{rel}","templated":true}]}}