{"id":12524601,"date":"2017-02-03T11:58:52","date_gmt":"2017-02-03T10:58:52","guid":{"rendered":"https:\/\/www.etf.fr\/uncategorized\/nouveau-marche\/"},"modified":"2025-09-30T10:47:46","modified_gmt":"2025-09-30T08:47:46","slug":"nouveau-marche","status":"publish","type":"post","link":"https:\/\/www.etf.fr\/en\/catenaires-et-energie-en\/nouveau-marche\/","title":{"rendered":"New market!"},"content":{"rendered":"\n<p>SNCF R\u00e9seau and the RC\u00b2 consortium \u2013 ETF, TSO Cat\u00e9naires (lead contractor), SETEC Ferroviaire and Mobility \u2013 have signed a contract to upgrade the overhead lines on RER line C between Paris and Br\u00e9tigny for the period 2017-2024.<\/p>\n\n\n\n<p>As part of the \u00cele-de-France Investment Master Plan, SNCF R\u00e9seau is undertaking a major regeneration process for the infrastructure of RER line C, the second longest line in the \u00cele-de-France regional express network. 180 km of catenary systems will be renewed from the south of the Biblioth\u00e8que Fran\u00e7ois-Mitterrand station to the south of Br\u00e9tigny. This operation is 100% financed by SNCF R\u00e9seau.<\/p>\n\n\n\n<p>In order to meet the growing demands on its infrastructure, SNCF R\u00e9seau is equipping RER line C with a high-performance catenary system capable of absorbing the increase in traffic over the next 20 years and allowing temperature variations of up to 70 degrees, compared with 40 degrees today.<\/p>\n\n\n\n<p>This first outsourcing of catenary renewal operations comes at a time when the number of passengers and trains is constantly increasing: +3% passengers on average per year, nearly 7% in the first half of 2016 alone.<\/p>\n\n\n\n<p>Thanks to the design-build contract, the consortium, which represents the excellence of the French railway industry, will be able to develop tools and methods tailored to the specific characteristics of the \u00cele-de-France region.<\/p>\n","protected":false},"excerpt":{"rendered":"<p>SNCF R\u00e9seau and the RC\u00b2 consortium \u2013 ETF, TSO Cat\u00e9naires (lead contractor), SETEC Ferroviaire and Mobility \u2013 have signed a contract to regenerate the catenary systems on RER line C between Paris and Br\u00e9tigny for the period 2017\u20132024.<\/p>\n","protected":false},"author":3,"featured_media":12524602,"comment_status":"closed","ping_status":"open","sticky":false,"template":"","format":"standard","meta":{"_acf_changed":false,"footnotes":""},"categories":[193],"tags":[],"class_list":["post-12524601","post","type-post","status-publish","format-standard","has-post-thumbnail","hentry","category-catenaires-et-energie-en"],"acf":[],"yoast_head":"<!-- This site is optimized with the Yoast SEO plugin v27.1.1 - https:\/\/yoast.com\/product\/yoast-seo-wordpress\/ -->\n<title>Nouveau march\u00e9 pour la ligne C du RER entre Paris et Br\u00e9tigny<\/title>\n<meta name=\"description\" content=\"SNCF R\u00e9seau et le groupement RC\u00b2 ont sign\u00e9 un contrat de r\u00e9g\u00e9n\u00e9ration des cat\u00e9naires de la ligne C du RER, entre Paris et Br\u00e9tigny.\" \/>\n<meta name=\"robots\" content=\"index, follow, max-snippet:-1, max-image-preview:large, max-video-preview:-1\" \/>\n<link rel=\"canonical\" href=\"https:\/\/www.etf.fr\/en\/catenaires-et-energie-en\/nouveau-marche\/\" \/>\n<meta property=\"og:locale\" content=\"en_US\" \/>\n<meta property=\"og:type\" content=\"article\" \/>\n<meta property=\"og:title\" content=\"Nouveau march\u00e9 pour la ligne C du RER entre Paris et Br\u00e9tigny\" \/>\n<meta property=\"og:description\" content=\"SNCF R\u00e9seau et le groupement RC\u00b2 ont sign\u00e9 un contrat de r\u00e9g\u00e9n\u00e9ration des cat\u00e9naires de la ligne C du RER, entre Paris et Br\u00e9tigny.\" \/>\n<meta property=\"og:url\" content=\"https:\/\/www.etf.fr\/en\/catenaires-et-energie-en\/nouveau-marche\/\" \/>\n<meta property=\"og:site_name\" content=\"ETF\" \/>\n<meta property=\"article:published_time\" content=\"2017-02-03T10:58:52+00:00\" \/>\n<meta property=\"article:modified_time\" content=\"2025-09-30T08:47:46+00:00\" \/>\n<meta property=\"og:image\" content=\"https:\/\/www.etf.fr\/wp-content\/uploads\/2018\/11\/c3qfnimw8aa2e07.jpg\" \/>\n\t<meta property=\"og:image:width\" content=\"800\" \/>\n\t<meta property=\"og:image:height\" content=\"600\" \/>\n\t<meta property=\"og:image:type\" content=\"image\/jpeg\" \/>\n<meta name=\"author\" content=\"brice\" \/>\n<meta name=\"twitter:card\" content=\"summary_large_image\" \/>\n<meta name=\"twitter:label1\" content=\"Written by\" \/>\n\t<meta name=\"twitter:data1\" content=\"brice\" \/>\n\t<meta name=\"twitter:label2\" content=\"Est. reading time\" \/>\n\t<meta name=\"twitter:data2\" content=\"2 minutes\" \/>\n<script type=\"application\/ld+json\" class=\"yoast-schema-graph\">{\"@context\":\"https:\/\/schema.org\",\"@graph\":[{\"@type\":\"Article\",\"@id\":\"https:\/\/www.etf.fr\/en\/catenaires-et-energie-en\/nouveau-marche\/#article\",\"isPartOf\":{\"@id\":\"https:\/\/www.etf.fr\/en\/catenaires-et-energie-en\/nouveau-marche\/\"},\"author\":{\"name\":\"brice\",\"@id\":\"https:\/\/www.etf.fr\/#\/schema\/person\/732055a69ee6fdaf6db70f6bb1d3b5ae\"},\"headline\":\"New market!\",\"datePublished\":\"2017-02-03T10:58:52+00:00\",\"dateModified\":\"2025-09-30T08:47:46+00:00\",\"mainEntityOfPage\":{\"@id\":\"https:\/\/www.etf.fr\/en\/catenaires-et-energie-en\/nouveau-marche\/\"},\"wordCount\":218,\"publisher\":{\"@id\":\"https:\/\/www.etf.fr\/#organization\"},\"image\":{\"@id\":\"https:\/\/www.etf.fr\/en\/catenaires-et-energie-en\/nouveau-marche\/#primaryimage\"},\"thumbnailUrl\":\"https:\/\/www.etf.fr\/wp-content\/uploads\/2018\/11\/c3qfnimw8aa2e07.jpg\",\"articleSection\":[\"Cat\u00e9naires et Energie\"],\"inLanguage\":\"en-US\"},{\"@type\":\"WebPage\",\"@id\":\"https:\/\/www.etf.fr\/en\/catenaires-et-energie-en\/nouveau-marche\/\",\"url\":\"https:\/\/www.etf.fr\/en\/catenaires-et-energie-en\/nouveau-marche\/\",\"name\":\"Nouveau march\u00e9 pour la ligne C du RER entre Paris et Br\u00e9tigny\",\"isPartOf\":{\"@id\":\"https:\/\/www.etf.fr\/#website\"},\"primaryImageOfPage\":{\"@id\":\"https:\/\/www.etf.fr\/en\/catenaires-et-energie-en\/nouveau-marche\/#primaryimage\"},\"image\":{\"@id\":\"https:\/\/www.etf.fr\/en\/catenaires-et-energie-en\/nouveau-marche\/#primaryimage\"},\"thumbnailUrl\":\"https:\/\/www.etf.fr\/wp-content\/uploads\/2018\/11\/c3qfnimw8aa2e07.jpg\",\"datePublished\":\"2017-02-03T10:58:52+00:00\",\"dateModified\":\"2025-09-30T08:47:46+00:00\",\"description\":\"SNCF R\u00e9seau et le groupement RC\u00b2 ont sign\u00e9 un contrat de r\u00e9g\u00e9n\u00e9ration des cat\u00e9naires de la ligne C du RER, entre Paris et Br\u00e9tigny.\",\"breadcrumb\":{\"@id\":\"https:\/\/www.etf.fr\/en\/catenaires-et-energie-en\/nouveau-marche\/#breadcrumb\"},\"inLanguage\":\"en-US\",\"potentialAction\":[{\"@type\":\"ReadAction\",\"target\":[\"https:\/\/www.etf.fr\/en\/catenaires-et-energie-en\/nouveau-marche\/\"]}]},{\"@type\":\"ImageObject\",\"inLanguage\":\"en-US\",\"@id\":\"https:\/\/www.etf.fr\/en\/catenaires-et-energie-en\/nouveau-marche\/#primaryimage\",\"url\":\"https:\/\/www.etf.fr\/wp-content\/uploads\/2018\/11\/c3qfnimw8aa2e07.jpg\",\"contentUrl\":\"https:\/\/www.etf.fr\/wp-content\/uploads\/2018\/11\/c3qfnimw8aa2e07.jpg\",\"width\":800,\"height\":600},{\"@type\":\"BreadcrumbList\",\"@id\":\"https:\/\/www.etf.fr\/en\/catenaires-et-energie-en\/nouveau-marche\/#breadcrumb\",\"itemListElement\":[{\"@type\":\"ListItem\",\"position\":1,\"name\":\"Accueil\",\"item\":\"https:\/\/www.etf.fr\/en\/\"},{\"@type\":\"ListItem\",\"position\":2,\"name\":\"New market!\"}]},{\"@type\":\"WebSite\",\"@id\":\"https:\/\/www.etf.fr\/#website\",\"url\":\"https:\/\/www.etf.fr\/\",\"name\":\"ETF\",\"description\":\"Your transport partner worldwide\",\"publisher\":{\"@id\":\"https:\/\/www.etf.fr\/#organization\"},\"potentialAction\":[{\"@type\":\"SearchAction\",\"target\":{\"@type\":\"EntryPoint\",\"urlTemplate\":\"https:\/\/www.etf.fr\/?s={search_term_string}\"},\"query-input\":{\"@type\":\"PropertyValueSpecification\",\"valueRequired\":true,\"valueName\":\"search_term_string\"}}],\"inLanguage\":\"en-US\"},{\"@type\":\"Organization\",\"@id\":\"https:\/\/www.etf.fr\/#organization\",\"name\":\"ETF\",\"url\":\"https:\/\/www.etf.fr\/\",\"logo\":{\"@type\":\"ImageObject\",\"inLanguage\":\"en-US\",\"@id\":\"https:\/\/www.etf.fr\/#\/schema\/logo\/image\/\",\"url\":\"https:\/\/www.etf.fr\/wp-content\/uploads\/2019\/03\/logo-ETF.png\",\"contentUrl\":\"https:\/\/www.etf.fr\/wp-content\/uploads\/2019\/03\/logo-ETF.png\",\"width\":272,\"height\":161,\"caption\":\"ETF\"},\"image\":{\"@id\":\"https:\/\/www.etf.fr\/#\/schema\/logo\/image\/\"}},{\"@type\":\"Person\",\"@id\":\"https:\/\/www.etf.fr\/#\/schema\/person\/732055a69ee6fdaf6db70f6bb1d3b5ae\",\"name\":\"brice\",\"url\":\"https:\/\/www.etf.fr\/en\/author\/brice\/\"}]}<\/script>\n<!-- \/ Yoast SEO plugin. -->","yoast_head_json":{"title":"Nouveau march\u00e9 pour la ligne C du RER entre Paris et Br\u00e9tigny","description":"SNCF R\u00e9seau et le groupement RC\u00b2 ont sign\u00e9 un contrat de r\u00e9g\u00e9n\u00e9ration des cat\u00e9naires de la ligne C du RER, entre Paris et Br\u00e9tigny.","robots":{"index":"index","follow":"follow","max-snippet":"max-snippet:-1","max-image-preview":"max-image-preview:large","max-video-preview":"max-video-preview:-1"},"canonical":"https:\/\/www.etf.fr\/en\/catenaires-et-energie-en\/nouveau-marche\/","og_locale":"en_US","og_type":"article","og_title":"Nouveau march\u00e9 pour la ligne C du RER entre Paris et Br\u00e9tigny","og_description":"SNCF R\u00e9seau et le groupement RC\u00b2 ont sign\u00e9 un contrat de r\u00e9g\u00e9n\u00e9ration des cat\u00e9naires de la ligne C du RER, entre Paris et Br\u00e9tigny.","og_url":"https:\/\/www.etf.fr\/en\/catenaires-et-energie-en\/nouveau-marche\/","og_site_name":"ETF","article_published_time":"2017-02-03T10:58:52+00:00","article_modified_time":"2025-09-30T08:47:46+00:00","og_image":[{"width":800,"height":600,"url":"https:\/\/www.etf.fr\/wp-content\/uploads\/2018\/11\/c3qfnimw8aa2e07.jpg","type":"image\/jpeg"}],"author":"brice","twitter_card":"summary_large_image","twitter_misc":{"Written by":"brice","Est. reading time":"2 minutes"},"schema":{"@context":"https:\/\/schema.org","@graph":[{"@type":"Article","@id":"https:\/\/www.etf.fr\/en\/catenaires-et-energie-en\/nouveau-marche\/#article","isPartOf":{"@id":"https:\/\/www.etf.fr\/en\/catenaires-et-energie-en\/nouveau-marche\/"},"author":{"name":"brice","@id":"https:\/\/www.etf.fr\/#\/schema\/person\/732055a69ee6fdaf6db70f6bb1d3b5ae"},"headline":"New market!","datePublished":"2017-02-03T10:58:52+00:00","dateModified":"2025-09-30T08:47:46+00:00","mainEntityOfPage":{"@id":"https:\/\/www.etf.fr\/en\/catenaires-et-energie-en\/nouveau-marche\/"},"wordCount":218,"publisher":{"@id":"https:\/\/www.etf.fr\/#organization"},"image":{"@id":"https:\/\/www.etf.fr\/en\/catenaires-et-energie-en\/nouveau-marche\/#primaryimage"},"thumbnailUrl":"https:\/\/www.etf.fr\/wp-content\/uploads\/2018\/11\/c3qfnimw8aa2e07.jpg","articleSection":["Cat\u00e9naires et Energie"],"inLanguage":"en-US"},{"@type":"WebPage","@id":"https:\/\/www.etf.fr\/en\/catenaires-et-energie-en\/nouveau-marche\/","url":"https:\/\/www.etf.fr\/en\/catenaires-et-energie-en\/nouveau-marche\/","name":"Nouveau march\u00e9 pour la ligne C du RER entre Paris et Br\u00e9tigny","isPartOf":{"@id":"https:\/\/www.etf.fr\/#website"},"primaryImageOfPage":{"@id":"https:\/\/www.etf.fr\/en\/catenaires-et-energie-en\/nouveau-marche\/#primaryimage"},"image":{"@id":"https:\/\/www.etf.fr\/en\/catenaires-et-energie-en\/nouveau-marche\/#primaryimage"},"thumbnailUrl":"https:\/\/www.etf.fr\/wp-content\/uploads\/2018\/11\/c3qfnimw8aa2e07.jpg","datePublished":"2017-02-03T10:58:52+00:00","dateModified":"2025-09-30T08:47:46+00:00","description":"SNCF R\u00e9seau et le groupement RC\u00b2 ont sign\u00e9 un contrat de r\u00e9g\u00e9n\u00e9ration des cat\u00e9naires de la ligne C du RER, entre Paris et Br\u00e9tigny.","breadcrumb":{"@id":"https:\/\/www.etf.fr\/en\/catenaires-et-energie-en\/nouveau-marche\/#breadcrumb"},"inLanguage":"en-US","potentialAction":[{"@type":"ReadAction","target":["https:\/\/www.etf.fr\/en\/catenaires-et-energie-en\/nouveau-marche\/"]}]},{"@type":"ImageObject","inLanguage":"en-US","@id":"https:\/\/www.etf.fr\/en\/catenaires-et-energie-en\/nouveau-marche\/#primaryimage","url":"https:\/\/www.etf.fr\/wp-content\/uploads\/2018\/11\/c3qfnimw8aa2e07.jpg","contentUrl":"https:\/\/www.etf.fr\/wp-content\/uploads\/2018\/11\/c3qfnimw8aa2e07.jpg","width":800,"height":600},{"@type":"BreadcrumbList","@id":"https:\/\/www.etf.fr\/en\/catenaires-et-energie-en\/nouveau-marche\/#breadcrumb","itemListElement":[{"@type":"ListItem","position":1,"name":"Accueil","item":"https:\/\/www.etf.fr\/en\/"},{"@type":"ListItem","position":2,"name":"New market!"}]},{"@type":"WebSite","@id":"https:\/\/www.etf.fr\/#website","url":"https:\/\/www.etf.fr\/","name":"ETF","description":"Your transport partner worldwide","publisher":{"@id":"https:\/\/www.etf.fr\/#organization"},"potentialAction":[{"@type":"SearchAction","target":{"@type":"EntryPoint","urlTemplate":"https:\/\/www.etf.fr\/?s={search_term_string}"},"query-input":{"@type":"PropertyValueSpecification","valueRequired":true,"valueName":"search_term_string"}}],"inLanguage":"en-US"},{"@type":"Organization","@id":"https:\/\/www.etf.fr\/#organization","name":"ETF","url":"https:\/\/www.etf.fr\/","logo":{"@type":"ImageObject","inLanguage":"en-US","@id":"https:\/\/www.etf.fr\/#\/schema\/logo\/image\/","url":"https:\/\/www.etf.fr\/wp-content\/uploads\/2019\/03\/logo-ETF.png","contentUrl":"https:\/\/www.etf.fr\/wp-content\/uploads\/2019\/03\/logo-ETF.png","width":272,"height":161,"caption":"ETF"},"image":{"@id":"https:\/\/www.etf.fr\/#\/schema\/logo\/image\/"}},{"@type":"Person","@id":"https:\/\/www.etf.fr\/#\/schema\/person\/732055a69ee6fdaf6db70f6bb1d3b5ae","name":"brice","url":"https:\/\/www.etf.fr\/en\/author\/brice\/"}]}},"_links":{"self":[{"href":"https:\/\/www.etf.fr\/en\/wp-json\/wp\/v2\/posts\/12524601","targetHints":{"allow":["GET"]}}],"collection":[{"href":"https:\/\/www.etf.fr\/en\/wp-json\/wp\/v2\/posts"}],"about":[{"href":"https:\/\/www.etf.fr\/en\/wp-json\/wp\/v2\/types\/post"}],"author":[{"embeddable":true,"href":"https:\/\/www.etf.fr\/en\/wp-json\/wp\/v2\/users\/3"}],"replies":[{"embeddable":true,"href":"https:\/\/www.etf.fr\/en\/wp-json\/wp\/v2\/comments?post=12524601"}],"version-history":[{"count":1,"href":"https:\/\/www.etf.fr\/en\/wp-json\/wp\/v2\/posts\/12524601\/revisions"}],"predecessor-version":[{"id":12524603,"href":"https:\/\/www.etf.fr\/en\/wp-json\/wp\/v2\/posts\/12524601\/revisions\/12524603"}],"wp:featuredmedia":[{"embeddable":true,"href":"https:\/\/www.etf.fr\/en\/wp-json\/wp\/v2\/media\/12524602"}],"wp:attachment":[{"href":"https:\/\/www.etf.fr\/en\/wp-json\/wp\/v2\/media?parent=12524601"}],"wp:term":[{"taxonomy":"category","embeddable":true,"href":"https:\/\/www.etf.fr\/en\/wp-json\/wp\/v2\/categories?post=12524601"},{"taxonomy":"post_tag","embeddable":true,"href":"https:\/\/www.etf.fr\/en\/wp-json\/wp\/v2\/tags?post=12524601"}],"curies":[{"name":"wp","href":"https:\/\/api.w.org\/{rel}","templated":true}]}}