{"id":12524622,"date":"2016-04-22T16:32:03","date_gmt":"2016-04-22T14:32:03","guid":{"rendered":"https:\/\/www.etf.fr\/uncategorized\/salon-transports-publics-2016\/"},"modified":"2025-09-30T10:54:49","modified_gmt":"2025-09-30T08:54:49","slug":"salon-transports-publics-2016","status":"publish","type":"post","link":"https:\/\/www.etf.fr\/en\/actualites-en\/salon-transports-publics-2016\/","title":{"rendered":"Public Transport Exhibition 2016"},"content":{"rendered":"Transports Publics, the European mobility exhibition, is the only European exhibition that brings together all public transport professionals and stakeholders involved in mobility issues for three days. It brings together manufacturers, builders and subcontractors, transport operators, organising authorities, institutions and public works and railway infrastructure companies.\n\nEurovia and ETF will present their mobility solutions at the Transports Publics 2016 trade show, which will take place on 14, 15 and 16 June at the Parc des Expositions in Paris Porte de Versailles. Visit us at stand K30 &#8211; Hall 1.\n\n<a href=\"http:\/\/transportspublics.badge.events\/\">Click here to reserve your free badge<\/a>\n\nHow to get to the trade show: <a href=\"http:\/\/www.transportspublics-expo.com\/fr\/acceder-au-parc-des-expositions\">click here<\/a>","protected":false},"excerpt":{"rendered":"<p>Transports Publics, the European Mobility Exhibition, is the only European exhibition that brings together all public transport professionals and stakeholders involved in mobility issues for three days.<\/p>\n","protected":false},"author":3,"featured_media":8851,"comment_status":"closed","ping_status":"open","sticky":false,"template":"","format":"standard","meta":{"_acf_changed":false,"footnotes":""},"categories":[191],"tags":[],"class_list":["post-12524622","post","type-post","status-publish","format-standard","has-post-thumbnail","hentry","category-actualites-en"],"acf":[],"yoast_head":"<!-- This site is optimized with the Yoast SEO plugin v27.1.1 - https:\/\/yoast.com\/product\/yoast-seo-wordpress\/ -->\n<title>Salon transports publics 2016<\/title>\n<meta name=\"description\" content=\"Transports Publics, le seul salon europ\u00e9en qui rassemble pendant trois jours l&#039;ensemble des professionnels du transport public.\" \/>\n<meta name=\"robots\" content=\"index, follow, max-snippet:-1, max-image-preview:large, max-video-preview:-1\" \/>\n<link rel=\"canonical\" href=\"https:\/\/www.etf.fr\/en\/actualites-en\/salon-transports-publics-2016\/\" \/>\n<meta property=\"og:locale\" content=\"en_US\" \/>\n<meta property=\"og:type\" content=\"article\" \/>\n<meta property=\"og:title\" content=\"Salon transports publics 2016\" \/>\n<meta property=\"og:description\" content=\"Transports Publics, le seul salon europ\u00e9en qui rassemble pendant trois jours l&#039;ensemble des professionnels du transport public.\" \/>\n<meta property=\"og:url\" content=\"https:\/\/www.etf.fr\/en\/actualites-en\/salon-transports-publics-2016\/\" \/>\n<meta property=\"og:site_name\" content=\"ETF\" \/>\n<meta property=\"article:published_time\" content=\"2016-04-22T14:32:03+00:00\" \/>\n<meta property=\"article:modified_time\" content=\"2025-09-30T08:54:49+00:00\" \/>\n<meta property=\"og:image\" content=\"https:\/\/www.etf.fr\/wp-content\/uploads\/2017\/09\/Vue-g\u00e9n\u00e9rique-5.jpg\" \/>\n\t<meta property=\"og:image:width\" content=\"2560\" \/>\n\t<meta property=\"og:image:height\" content=\"1704\" \/>\n\t<meta property=\"og:image:type\" content=\"image\/jpeg\" \/>\n<meta name=\"author\" content=\"brice\" \/>\n<meta name=\"twitter:card\" content=\"summary_large_image\" \/>\n<meta name=\"twitter:label1\" content=\"Written by\" \/>\n\t<meta name=\"twitter:data1\" content=\"brice\" \/>\n\t<meta name=\"twitter:label2\" content=\"Est. reading time\" \/>\n\t<meta name=\"twitter:data2\" content=\"1 minute\" \/>\n<script type=\"application\/ld+json\" class=\"yoast-schema-graph\">{\"@context\":\"https:\/\/schema.org\",\"@graph\":[{\"@type\":\"Article\",\"@id\":\"https:\/\/www.etf.fr\/en\/actualites-en\/salon-transports-publics-2016\/#article\",\"isPartOf\":{\"@id\":\"https:\/\/www.etf.fr\/en\/actualites-en\/salon-transports-publics-2016\/\"},\"author\":{\"name\":\"brice\",\"@id\":\"https:\/\/www.etf.fr\/#\/schema\/person\/732055a69ee6fdaf6db70f6bb1d3b5ae\"},\"headline\":\"Public Transport Exhibition 2016\",\"datePublished\":\"2016-04-22T14:32:03+00:00\",\"dateModified\":\"2025-09-30T08:54:49+00:00\",\"mainEntityOfPage\":{\"@id\":\"https:\/\/www.etf.fr\/en\/actualites-en\/salon-transports-publics-2016\/\"},\"wordCount\":103,\"publisher\":{\"@id\":\"https:\/\/www.etf.fr\/#organization\"},\"image\":{\"@id\":\"https:\/\/www.etf.fr\/en\/actualites-en\/salon-transports-publics-2016\/#primaryimage\"},\"thumbnailUrl\":\"https:\/\/www.etf.fr\/wp-content\/uploads\/2017\/09\/Vue-g\u00e9n\u00e9rique-5.jpg\",\"articleSection\":[\"Actualit\u00e9s\"],\"inLanguage\":\"en-US\"},{\"@type\":\"WebPage\",\"@id\":\"https:\/\/www.etf.fr\/en\/actualites-en\/salon-transports-publics-2016\/\",\"url\":\"https:\/\/www.etf.fr\/en\/actualites-en\/salon-transports-publics-2016\/\",\"name\":\"Salon transports publics 2016\",\"isPartOf\":{\"@id\":\"https:\/\/www.etf.fr\/#website\"},\"primaryImageOfPage\":{\"@id\":\"https:\/\/www.etf.fr\/en\/actualites-en\/salon-transports-publics-2016\/#primaryimage\"},\"image\":{\"@id\":\"https:\/\/www.etf.fr\/en\/actualites-en\/salon-transports-publics-2016\/#primaryimage\"},\"thumbnailUrl\":\"https:\/\/www.etf.fr\/wp-content\/uploads\/2017\/09\/Vue-g\u00e9n\u00e9rique-5.jpg\",\"datePublished\":\"2016-04-22T14:32:03+00:00\",\"dateModified\":\"2025-09-30T08:54:49+00:00\",\"description\":\"Transports Publics, le seul salon europ\u00e9en qui rassemble pendant trois jours l'ensemble des professionnels du transport public.\",\"breadcrumb\":{\"@id\":\"https:\/\/www.etf.fr\/en\/actualites-en\/salon-transports-publics-2016\/#breadcrumb\"},\"inLanguage\":\"en-US\",\"potentialAction\":[{\"@type\":\"ReadAction\",\"target\":[\"https:\/\/www.etf.fr\/en\/actualites-en\/salon-transports-publics-2016\/\"]}]},{\"@type\":\"ImageObject\",\"inLanguage\":\"en-US\",\"@id\":\"https:\/\/www.etf.fr\/en\/actualites-en\/salon-transports-publics-2016\/#primaryimage\",\"url\":\"https:\/\/www.etf.fr\/wp-content\/uploads\/2017\/09\/Vue-g\u00e9n\u00e9rique-5.jpg\",\"contentUrl\":\"https:\/\/www.etf.fr\/wp-content\/uploads\/2017\/09\/Vue-g\u00e9n\u00e9rique-5.jpg\",\"width\":2560,\"height\":1704,\"caption\":\"Chantier de la LGV Est Europ\u00e9enne. ETF ( filiale travaux ferroviaires du groupe Eurovia) pose des voies. Traverse de b\u00e9ton arm\u00e9 monobloc, longs rails soud\u00e9s ( LRS) et ballast. Wagon de transport des longs rails soud\u00e9s.\"},{\"@type\":\"BreadcrumbList\",\"@id\":\"https:\/\/www.etf.fr\/en\/actualites-en\/salon-transports-publics-2016\/#breadcrumb\",\"itemListElement\":[{\"@type\":\"ListItem\",\"position\":1,\"name\":\"Accueil\",\"item\":\"https:\/\/www.etf.fr\/en\/\"},{\"@type\":\"ListItem\",\"position\":2,\"name\":\"Public Transport Exhibition 2016\"}]},{\"@type\":\"WebSite\",\"@id\":\"https:\/\/www.etf.fr\/#website\",\"url\":\"https:\/\/www.etf.fr\/\",\"name\":\"ETF\",\"description\":\"Your transport partner worldwide\",\"publisher\":{\"@id\":\"https:\/\/www.etf.fr\/#organization\"},\"potentialAction\":[{\"@type\":\"SearchAction\",\"target\":{\"@type\":\"EntryPoint\",\"urlTemplate\":\"https:\/\/www.etf.fr\/?s={search_term_string}\"},\"query-input\":{\"@type\":\"PropertyValueSpecification\",\"valueRequired\":true,\"valueName\":\"search_term_string\"}}],\"inLanguage\":\"en-US\"},{\"@type\":\"Organization\",\"@id\":\"https:\/\/www.etf.fr\/#organization\",\"name\":\"ETF\",\"url\":\"https:\/\/www.etf.fr\/\",\"logo\":{\"@type\":\"ImageObject\",\"inLanguage\":\"en-US\",\"@id\":\"https:\/\/www.etf.fr\/#\/schema\/logo\/image\/\",\"url\":\"https:\/\/www.etf.fr\/wp-content\/uploads\/2019\/03\/logo-ETF.png\",\"contentUrl\":\"https:\/\/www.etf.fr\/wp-content\/uploads\/2019\/03\/logo-ETF.png\",\"width\":272,\"height\":161,\"caption\":\"ETF\"},\"image\":{\"@id\":\"https:\/\/www.etf.fr\/#\/schema\/logo\/image\/\"}},{\"@type\":\"Person\",\"@id\":\"https:\/\/www.etf.fr\/#\/schema\/person\/732055a69ee6fdaf6db70f6bb1d3b5ae\",\"name\":\"brice\",\"url\":\"https:\/\/www.etf.fr\/en\/author\/brice\/\"}]}<\/script>\n<!-- \/ Yoast SEO plugin. -->","yoast_head_json":{"title":"Salon transports publics 2016","description":"Transports Publics, le seul salon europ\u00e9en qui rassemble pendant trois jours l'ensemble des professionnels du transport public.","robots":{"index":"index","follow":"follow","max-snippet":"max-snippet:-1","max-image-preview":"max-image-preview:large","max-video-preview":"max-video-preview:-1"},"canonical":"https:\/\/www.etf.fr\/en\/actualites-en\/salon-transports-publics-2016\/","og_locale":"en_US","og_type":"article","og_title":"Salon transports publics 2016","og_description":"Transports Publics, le seul salon europ\u00e9en qui rassemble pendant trois jours l'ensemble des professionnels du transport public.","og_url":"https:\/\/www.etf.fr\/en\/actualites-en\/salon-transports-publics-2016\/","og_site_name":"ETF","article_published_time":"2016-04-22T14:32:03+00:00","article_modified_time":"2025-09-30T08:54:49+00:00","og_image":[{"width":2560,"height":1704,"url":"https:\/\/www.etf.fr\/wp-content\/uploads\/2017\/09\/Vue-g\u00e9n\u00e9rique-5.jpg","type":"image\/jpeg"}],"author":"brice","twitter_card":"summary_large_image","twitter_misc":{"Written by":"brice","Est. reading time":"1 minute"},"schema":{"@context":"https:\/\/schema.org","@graph":[{"@type":"Article","@id":"https:\/\/www.etf.fr\/en\/actualites-en\/salon-transports-publics-2016\/#article","isPartOf":{"@id":"https:\/\/www.etf.fr\/en\/actualites-en\/salon-transports-publics-2016\/"},"author":{"name":"brice","@id":"https:\/\/www.etf.fr\/#\/schema\/person\/732055a69ee6fdaf6db70f6bb1d3b5ae"},"headline":"Public Transport Exhibition 2016","datePublished":"2016-04-22T14:32:03+00:00","dateModified":"2025-09-30T08:54:49+00:00","mainEntityOfPage":{"@id":"https:\/\/www.etf.fr\/en\/actualites-en\/salon-transports-publics-2016\/"},"wordCount":103,"publisher":{"@id":"https:\/\/www.etf.fr\/#organization"},"image":{"@id":"https:\/\/www.etf.fr\/en\/actualites-en\/salon-transports-publics-2016\/#primaryimage"},"thumbnailUrl":"https:\/\/www.etf.fr\/wp-content\/uploads\/2017\/09\/Vue-g\u00e9n\u00e9rique-5.jpg","articleSection":["Actualit\u00e9s"],"inLanguage":"en-US"},{"@type":"WebPage","@id":"https:\/\/www.etf.fr\/en\/actualites-en\/salon-transports-publics-2016\/","url":"https:\/\/www.etf.fr\/en\/actualites-en\/salon-transports-publics-2016\/","name":"Salon transports publics 2016","isPartOf":{"@id":"https:\/\/www.etf.fr\/#website"},"primaryImageOfPage":{"@id":"https:\/\/www.etf.fr\/en\/actualites-en\/salon-transports-publics-2016\/#primaryimage"},"image":{"@id":"https:\/\/www.etf.fr\/en\/actualites-en\/salon-transports-publics-2016\/#primaryimage"},"thumbnailUrl":"https:\/\/www.etf.fr\/wp-content\/uploads\/2017\/09\/Vue-g\u00e9n\u00e9rique-5.jpg","datePublished":"2016-04-22T14:32:03+00:00","dateModified":"2025-09-30T08:54:49+00:00","description":"Transports Publics, le seul salon europ\u00e9en qui rassemble pendant trois jours l'ensemble des professionnels du transport public.","breadcrumb":{"@id":"https:\/\/www.etf.fr\/en\/actualites-en\/salon-transports-publics-2016\/#breadcrumb"},"inLanguage":"en-US","potentialAction":[{"@type":"ReadAction","target":["https:\/\/www.etf.fr\/en\/actualites-en\/salon-transports-publics-2016\/"]}]},{"@type":"ImageObject","inLanguage":"en-US","@id":"https:\/\/www.etf.fr\/en\/actualites-en\/salon-transports-publics-2016\/#primaryimage","url":"https:\/\/www.etf.fr\/wp-content\/uploads\/2017\/09\/Vue-g\u00e9n\u00e9rique-5.jpg","contentUrl":"https:\/\/www.etf.fr\/wp-content\/uploads\/2017\/09\/Vue-g\u00e9n\u00e9rique-5.jpg","width":2560,"height":1704,"caption":"Chantier de la LGV Est Europ\u00e9enne. ETF ( filiale travaux ferroviaires du groupe Eurovia) pose des voies. Traverse de b\u00e9ton arm\u00e9 monobloc, longs rails soud\u00e9s ( LRS) et ballast. Wagon de transport des longs rails soud\u00e9s."},{"@type":"BreadcrumbList","@id":"https:\/\/www.etf.fr\/en\/actualites-en\/salon-transports-publics-2016\/#breadcrumb","itemListElement":[{"@type":"ListItem","position":1,"name":"Accueil","item":"https:\/\/www.etf.fr\/en\/"},{"@type":"ListItem","position":2,"name":"Public Transport Exhibition 2016"}]},{"@type":"WebSite","@id":"https:\/\/www.etf.fr\/#website","url":"https:\/\/www.etf.fr\/","name":"ETF","description":"Your transport partner worldwide","publisher":{"@id":"https:\/\/www.etf.fr\/#organization"},"potentialAction":[{"@type":"SearchAction","target":{"@type":"EntryPoint","urlTemplate":"https:\/\/www.etf.fr\/?s={search_term_string}"},"query-input":{"@type":"PropertyValueSpecification","valueRequired":true,"valueName":"search_term_string"}}],"inLanguage":"en-US"},{"@type":"Organization","@id":"https:\/\/www.etf.fr\/#organization","name":"ETF","url":"https:\/\/www.etf.fr\/","logo":{"@type":"ImageObject","inLanguage":"en-US","@id":"https:\/\/www.etf.fr\/#\/schema\/logo\/image\/","url":"https:\/\/www.etf.fr\/wp-content\/uploads\/2019\/03\/logo-ETF.png","contentUrl":"https:\/\/www.etf.fr\/wp-content\/uploads\/2019\/03\/logo-ETF.png","width":272,"height":161,"caption":"ETF"},"image":{"@id":"https:\/\/www.etf.fr\/#\/schema\/logo\/image\/"}},{"@type":"Person","@id":"https:\/\/www.etf.fr\/#\/schema\/person\/732055a69ee6fdaf6db70f6bb1d3b5ae","name":"brice","url":"https:\/\/www.etf.fr\/en\/author\/brice\/"}]}},"_links":{"self":[{"href":"https:\/\/www.etf.fr\/en\/wp-json\/wp\/v2\/posts\/12524622","targetHints":{"allow":["GET"]}}],"collection":[{"href":"https:\/\/www.etf.fr\/en\/wp-json\/wp\/v2\/posts"}],"about":[{"href":"https:\/\/www.etf.fr\/en\/wp-json\/wp\/v2\/types\/post"}],"author":[{"embeddable":true,"href":"https:\/\/www.etf.fr\/en\/wp-json\/wp\/v2\/users\/3"}],"replies":[{"embeddable":true,"href":"https:\/\/www.etf.fr\/en\/wp-json\/wp\/v2\/comments?post=12524622"}],"version-history":[{"count":1,"href":"https:\/\/www.etf.fr\/en\/wp-json\/wp\/v2\/posts\/12524622\/revisions"}],"predecessor-version":[{"id":12524623,"href":"https:\/\/www.etf.fr\/en\/wp-json\/wp\/v2\/posts\/12524622\/revisions\/12524623"}],"wp:featuredmedia":[{"embeddable":true,"href":"https:\/\/www.etf.fr\/en\/wp-json\/wp\/v2\/media\/8851"}],"wp:attachment":[{"href":"https:\/\/www.etf.fr\/en\/wp-json\/wp\/v2\/media?parent=12524622"}],"wp:term":[{"taxonomy":"category","embeddable":true,"href":"https:\/\/www.etf.fr\/en\/wp-json\/wp\/v2\/categories?post=12524622"},{"taxonomy":"post_tag","embeddable":true,"href":"https:\/\/www.etf.fr\/en\/wp-json\/wp\/v2\/tags?post=12524622"}],"curies":[{"name":"wp","href":"https:\/\/api.w.org\/{rel}","templated":true}]}}