{"id":12524681,"date":"2016-03-24T16:34:28","date_gmt":"2016-03-24T15:34:28","guid":{"rendered":"https:\/\/www.etf.fr\/uncategorized\/retrospective-chantiers-2015-lesprit-dequipe\/"},"modified":"2025-09-30T10:56:14","modified_gmt":"2025-09-30T08:56:14","slug":"retrospective-chantiers-2015-lesprit-dequipe","status":"publish","type":"post","link":"https:\/\/www.etf.fr\/en\/actualites-en\/retrospective-chantiers-2015-lesprit-dequipe\/","title":{"rendered":"2015 project retrospective: team spirit"},"content":{"rendered":"<p>See our teams&#8217; achievements in 2015 in this video: <a href=\"https:\/\/youtu.be\/lHiMygYhUPA\">click here<\/a><\/p>\n\n\n<p><\/p>\n","protected":false},"excerpt":{"rendered":"<p>See our teams&#8217; achievements in 2015 in this video: click here<\/p>\n","protected":false},"author":3,"featured_media":12524315,"comment_status":"closed","ping_status":"open","sticky":false,"template":"","format":"standard","meta":{"_acf_changed":false,"footnotes":""},"categories":[191],"tags":[],"class_list":["post-12524681","post","type-post","status-publish","format-standard","has-post-thumbnail","hentry","category-actualites-en"],"acf":[],"yoast_head":"<!-- This site is optimized with the Yoast SEO plugin v27.1.1 - https:\/\/yoast.com\/product\/yoast-seo-wordpress\/ -->\n<title>R\u00e9trospective chantiers 2015 : l&#039;esprit d&#039;\u00e9quipe<\/title>\n<meta name=\"description\" content=\"Retrouvez les r\u00e9alisations 2015 de nos \u00e9quipes en vid\u00e9os\" \/>\n<meta name=\"robots\" content=\"index, follow, max-snippet:-1, max-image-preview:large, max-video-preview:-1\" \/>\n<link rel=\"canonical\" href=\"https:\/\/www.etf.fr\/en\/actualites-en\/retrospective-chantiers-2015-lesprit-dequipe\/\" \/>\n<meta property=\"og:locale\" content=\"en_US\" \/>\n<meta property=\"og:type\" content=\"article\" \/>\n<meta property=\"og:title\" content=\"R\u00e9trospective chantiers 2015 : l&#039;esprit d&#039;\u00e9quipe\" \/>\n<meta property=\"og:description\" content=\"Retrouvez les r\u00e9alisations 2015 de nos \u00e9quipes en vid\u00e9os\" \/>\n<meta property=\"og:url\" content=\"https:\/\/www.etf.fr\/en\/actualites-en\/retrospective-chantiers-2015-lesprit-dequipe\/\" \/>\n<meta property=\"og:site_name\" content=\"ETF\" \/>\n<meta property=\"article:published_time\" content=\"2016-03-24T15:34:28+00:00\" \/>\n<meta property=\"article:modified_time\" content=\"2025-09-30T08:56:14+00:00\" \/>\n<meta property=\"og:image\" content=\"https:\/\/www.etf.fr\/wp-content\/uploads\/2018\/11\/GuinC\u0327e.jpg\" \/>\n\t<meta property=\"og:image:width\" content=\"731\" \/>\n\t<meta property=\"og:image:height\" content=\"379\" \/>\n\t<meta property=\"og:image:type\" content=\"image\/jpeg\" \/>\n<meta name=\"author\" content=\"brice\" \/>\n<meta name=\"twitter:card\" content=\"summary_large_image\" \/>\n<meta name=\"twitter:label1\" content=\"Written by\" \/>\n\t<meta name=\"twitter:data1\" content=\"brice\" \/>\n\t<meta name=\"twitter:label2\" content=\"Est. reading time\" \/>\n\t<meta name=\"twitter:data2\" content=\"1 minute\" \/>\n<script type=\"application\/ld+json\" class=\"yoast-schema-graph\">{\"@context\":\"https:\/\/schema.org\",\"@graph\":[{\"@type\":\"Article\",\"@id\":\"https:\/\/www.etf.fr\/en\/actualites-en\/retrospective-chantiers-2015-lesprit-dequipe\/#article\",\"isPartOf\":{\"@id\":\"https:\/\/www.etf.fr\/en\/actualites-en\/retrospective-chantiers-2015-lesprit-dequipe\/\"},\"author\":{\"name\":\"brice\",\"@id\":\"https:\/\/www.etf.fr\/#\/schema\/person\/732055a69ee6fdaf6db70f6bb1d3b5ae\"},\"headline\":\"2015 project retrospective: team spirit\",\"datePublished\":\"2016-03-24T15:34:28+00:00\",\"dateModified\":\"2025-09-30T08:56:14+00:00\",\"mainEntityOfPage\":{\"@id\":\"https:\/\/www.etf.fr\/en\/actualites-en\/retrospective-chantiers-2015-lesprit-dequipe\/\"},\"wordCount\":14,\"publisher\":{\"@id\":\"https:\/\/www.etf.fr\/#organization\"},\"image\":{\"@id\":\"https:\/\/www.etf.fr\/en\/actualites-en\/retrospective-chantiers-2015-lesprit-dequipe\/#primaryimage\"},\"thumbnailUrl\":\"https:\/\/www.etf.fr\/wp-content\/uploads\/2018\/11\/GuinC\u0327e.jpg\",\"articleSection\":[\"Actualit\u00e9s\"],\"inLanguage\":\"en-US\"},{\"@type\":\"WebPage\",\"@id\":\"https:\/\/www.etf.fr\/en\/actualites-en\/retrospective-chantiers-2015-lesprit-dequipe\/\",\"url\":\"https:\/\/www.etf.fr\/en\/actualites-en\/retrospective-chantiers-2015-lesprit-dequipe\/\",\"name\":\"R\u00e9trospective chantiers 2015 : l'esprit d'\u00e9quipe\",\"isPartOf\":{\"@id\":\"https:\/\/www.etf.fr\/#website\"},\"primaryImageOfPage\":{\"@id\":\"https:\/\/www.etf.fr\/en\/actualites-en\/retrospective-chantiers-2015-lesprit-dequipe\/#primaryimage\"},\"image\":{\"@id\":\"https:\/\/www.etf.fr\/en\/actualites-en\/retrospective-chantiers-2015-lesprit-dequipe\/#primaryimage\"},\"thumbnailUrl\":\"https:\/\/www.etf.fr\/wp-content\/uploads\/2018\/11\/GuinC\u0327e.jpg\",\"datePublished\":\"2016-03-24T15:34:28+00:00\",\"dateModified\":\"2025-09-30T08:56:14+00:00\",\"description\":\"Retrouvez les r\u00e9alisations 2015 de nos \u00e9quipes en vid\u00e9os\",\"breadcrumb\":{\"@id\":\"https:\/\/www.etf.fr\/en\/actualites-en\/retrospective-chantiers-2015-lesprit-dequipe\/#breadcrumb\"},\"inLanguage\":\"en-US\",\"potentialAction\":[{\"@type\":\"ReadAction\",\"target\":[\"https:\/\/www.etf.fr\/en\/actualites-en\/retrospective-chantiers-2015-lesprit-dequipe\/\"]}]},{\"@type\":\"ImageObject\",\"inLanguage\":\"en-US\",\"@id\":\"https:\/\/www.etf.fr\/en\/actualites-en\/retrospective-chantiers-2015-lesprit-dequipe\/#primaryimage\",\"url\":\"https:\/\/www.etf.fr\/wp-content\/uploads\/2018\/11\/GuinC\u0327e.jpg\",\"contentUrl\":\"https:\/\/www.etf.fr\/wp-content\/uploads\/2018\/11\/GuinC\u0327e.jpg\",\"width\":731,\"height\":379},{\"@type\":\"BreadcrumbList\",\"@id\":\"https:\/\/www.etf.fr\/en\/actualites-en\/retrospective-chantiers-2015-lesprit-dequipe\/#breadcrumb\",\"itemListElement\":[{\"@type\":\"ListItem\",\"position\":1,\"name\":\"Accueil\",\"item\":\"https:\/\/www.etf.fr\/en\/\"},{\"@type\":\"ListItem\",\"position\":2,\"name\":\"2015 project retrospective: team spirit\"}]},{\"@type\":\"WebSite\",\"@id\":\"https:\/\/www.etf.fr\/#website\",\"url\":\"https:\/\/www.etf.fr\/\",\"name\":\"ETF\",\"description\":\"Your transport partner worldwide\",\"publisher\":{\"@id\":\"https:\/\/www.etf.fr\/#organization\"},\"potentialAction\":[{\"@type\":\"SearchAction\",\"target\":{\"@type\":\"EntryPoint\",\"urlTemplate\":\"https:\/\/www.etf.fr\/?s={search_term_string}\"},\"query-input\":{\"@type\":\"PropertyValueSpecification\",\"valueRequired\":true,\"valueName\":\"search_term_string\"}}],\"inLanguage\":\"en-US\"},{\"@type\":\"Organization\",\"@id\":\"https:\/\/www.etf.fr\/#organization\",\"name\":\"ETF\",\"url\":\"https:\/\/www.etf.fr\/\",\"logo\":{\"@type\":\"ImageObject\",\"inLanguage\":\"en-US\",\"@id\":\"https:\/\/www.etf.fr\/#\/schema\/logo\/image\/\",\"url\":\"https:\/\/www.etf.fr\/wp-content\/uploads\/2019\/03\/logo-ETF.png\",\"contentUrl\":\"https:\/\/www.etf.fr\/wp-content\/uploads\/2019\/03\/logo-ETF.png\",\"width\":272,\"height\":161,\"caption\":\"ETF\"},\"image\":{\"@id\":\"https:\/\/www.etf.fr\/#\/schema\/logo\/image\/\"}},{\"@type\":\"Person\",\"@id\":\"https:\/\/www.etf.fr\/#\/schema\/person\/732055a69ee6fdaf6db70f6bb1d3b5ae\",\"name\":\"brice\",\"url\":\"https:\/\/www.etf.fr\/en\/author\/brice\/\"}]}<\/script>\n<!-- \/ Yoast SEO plugin. -->","yoast_head_json":{"title":"R\u00e9trospective chantiers 2015 : l'esprit d'\u00e9quipe","description":"Retrouvez les r\u00e9alisations 2015 de nos \u00e9quipes en vid\u00e9os","robots":{"index":"index","follow":"follow","max-snippet":"max-snippet:-1","max-image-preview":"max-image-preview:large","max-video-preview":"max-video-preview:-1"},"canonical":"https:\/\/www.etf.fr\/en\/actualites-en\/retrospective-chantiers-2015-lesprit-dequipe\/","og_locale":"en_US","og_type":"article","og_title":"R\u00e9trospective chantiers 2015 : l'esprit d'\u00e9quipe","og_description":"Retrouvez les r\u00e9alisations 2015 de nos \u00e9quipes en vid\u00e9os","og_url":"https:\/\/www.etf.fr\/en\/actualites-en\/retrospective-chantiers-2015-lesprit-dequipe\/","og_site_name":"ETF","article_published_time":"2016-03-24T15:34:28+00:00","article_modified_time":"2025-09-30T08:56:14+00:00","og_image":[{"width":731,"height":379,"url":"https:\/\/www.etf.fr\/wp-content\/uploads\/2018\/11\/GuinC\u0327e.jpg","type":"image\/jpeg"}],"author":"brice","twitter_card":"summary_large_image","twitter_misc":{"Written by":"brice","Est. reading time":"1 minute"},"schema":{"@context":"https:\/\/schema.org","@graph":[{"@type":"Article","@id":"https:\/\/www.etf.fr\/en\/actualites-en\/retrospective-chantiers-2015-lesprit-dequipe\/#article","isPartOf":{"@id":"https:\/\/www.etf.fr\/en\/actualites-en\/retrospective-chantiers-2015-lesprit-dequipe\/"},"author":{"name":"brice","@id":"https:\/\/www.etf.fr\/#\/schema\/person\/732055a69ee6fdaf6db70f6bb1d3b5ae"},"headline":"2015 project retrospective: team spirit","datePublished":"2016-03-24T15:34:28+00:00","dateModified":"2025-09-30T08:56:14+00:00","mainEntityOfPage":{"@id":"https:\/\/www.etf.fr\/en\/actualites-en\/retrospective-chantiers-2015-lesprit-dequipe\/"},"wordCount":14,"publisher":{"@id":"https:\/\/www.etf.fr\/#organization"},"image":{"@id":"https:\/\/www.etf.fr\/en\/actualites-en\/retrospective-chantiers-2015-lesprit-dequipe\/#primaryimage"},"thumbnailUrl":"https:\/\/www.etf.fr\/wp-content\/uploads\/2018\/11\/GuinC\u0327e.jpg","articleSection":["Actualit\u00e9s"],"inLanguage":"en-US"},{"@type":"WebPage","@id":"https:\/\/www.etf.fr\/en\/actualites-en\/retrospective-chantiers-2015-lesprit-dequipe\/","url":"https:\/\/www.etf.fr\/en\/actualites-en\/retrospective-chantiers-2015-lesprit-dequipe\/","name":"R\u00e9trospective chantiers 2015 : l'esprit d'\u00e9quipe","isPartOf":{"@id":"https:\/\/www.etf.fr\/#website"},"primaryImageOfPage":{"@id":"https:\/\/www.etf.fr\/en\/actualites-en\/retrospective-chantiers-2015-lesprit-dequipe\/#primaryimage"},"image":{"@id":"https:\/\/www.etf.fr\/en\/actualites-en\/retrospective-chantiers-2015-lesprit-dequipe\/#primaryimage"},"thumbnailUrl":"https:\/\/www.etf.fr\/wp-content\/uploads\/2018\/11\/GuinC\u0327e.jpg","datePublished":"2016-03-24T15:34:28+00:00","dateModified":"2025-09-30T08:56:14+00:00","description":"Retrouvez les r\u00e9alisations 2015 de nos \u00e9quipes en vid\u00e9os","breadcrumb":{"@id":"https:\/\/www.etf.fr\/en\/actualites-en\/retrospective-chantiers-2015-lesprit-dequipe\/#breadcrumb"},"inLanguage":"en-US","potentialAction":[{"@type":"ReadAction","target":["https:\/\/www.etf.fr\/en\/actualites-en\/retrospective-chantiers-2015-lesprit-dequipe\/"]}]},{"@type":"ImageObject","inLanguage":"en-US","@id":"https:\/\/www.etf.fr\/en\/actualites-en\/retrospective-chantiers-2015-lesprit-dequipe\/#primaryimage","url":"https:\/\/www.etf.fr\/wp-content\/uploads\/2018\/11\/GuinC\u0327e.jpg","contentUrl":"https:\/\/www.etf.fr\/wp-content\/uploads\/2018\/11\/GuinC\u0327e.jpg","width":731,"height":379},{"@type":"BreadcrumbList","@id":"https:\/\/www.etf.fr\/en\/actualites-en\/retrospective-chantiers-2015-lesprit-dequipe\/#breadcrumb","itemListElement":[{"@type":"ListItem","position":1,"name":"Accueil","item":"https:\/\/www.etf.fr\/en\/"},{"@type":"ListItem","position":2,"name":"2015 project retrospective: team spirit"}]},{"@type":"WebSite","@id":"https:\/\/www.etf.fr\/#website","url":"https:\/\/www.etf.fr\/","name":"ETF","description":"Your transport partner worldwide","publisher":{"@id":"https:\/\/www.etf.fr\/#organization"},"potentialAction":[{"@type":"SearchAction","target":{"@type":"EntryPoint","urlTemplate":"https:\/\/www.etf.fr\/?s={search_term_string}"},"query-input":{"@type":"PropertyValueSpecification","valueRequired":true,"valueName":"search_term_string"}}],"inLanguage":"en-US"},{"@type":"Organization","@id":"https:\/\/www.etf.fr\/#organization","name":"ETF","url":"https:\/\/www.etf.fr\/","logo":{"@type":"ImageObject","inLanguage":"en-US","@id":"https:\/\/www.etf.fr\/#\/schema\/logo\/image\/","url":"https:\/\/www.etf.fr\/wp-content\/uploads\/2019\/03\/logo-ETF.png","contentUrl":"https:\/\/www.etf.fr\/wp-content\/uploads\/2019\/03\/logo-ETF.png","width":272,"height":161,"caption":"ETF"},"image":{"@id":"https:\/\/www.etf.fr\/#\/schema\/logo\/image\/"}},{"@type":"Person","@id":"https:\/\/www.etf.fr\/#\/schema\/person\/732055a69ee6fdaf6db70f6bb1d3b5ae","name":"brice","url":"https:\/\/www.etf.fr\/en\/author\/brice\/"}]}},"_links":{"self":[{"href":"https:\/\/www.etf.fr\/en\/wp-json\/wp\/v2\/posts\/12524681","targetHints":{"allow":["GET"]}}],"collection":[{"href":"https:\/\/www.etf.fr\/en\/wp-json\/wp\/v2\/posts"}],"about":[{"href":"https:\/\/www.etf.fr\/en\/wp-json\/wp\/v2\/types\/post"}],"author":[{"embeddable":true,"href":"https:\/\/www.etf.fr\/en\/wp-json\/wp\/v2\/users\/3"}],"replies":[{"embeddable":true,"href":"https:\/\/www.etf.fr\/en\/wp-json\/wp\/v2\/comments?post=12524681"}],"version-history":[{"count":1,"href":"https:\/\/www.etf.fr\/en\/wp-json\/wp\/v2\/posts\/12524681\/revisions"}],"predecessor-version":[{"id":12524682,"href":"https:\/\/www.etf.fr\/en\/wp-json\/wp\/v2\/posts\/12524681\/revisions\/12524682"}],"wp:featuredmedia":[{"embeddable":true,"href":"https:\/\/www.etf.fr\/en\/wp-json\/wp\/v2\/media\/12524315"}],"wp:attachment":[{"href":"https:\/\/www.etf.fr\/en\/wp-json\/wp\/v2\/media?parent=12524681"}],"wp:term":[{"taxonomy":"category","embeddable":true,"href":"https:\/\/www.etf.fr\/en\/wp-json\/wp\/v2\/categories?post=12524681"},{"taxonomy":"post_tag","embeddable":true,"href":"https:\/\/www.etf.fr\/en\/wp-json\/wp\/v2\/tags?post=12524681"}],"curies":[{"name":"wp","href":"https:\/\/api.w.org\/{rel}","templated":true}]}}