{"id":71580,"date":"2022-02-14T14:12:00","date_gmt":"2022-02-14T13:12:00","guid":{"rendered":"https:\/\/www.etf.fr\/?p=71580"},"modified":"2022-11-03T12:13:52","modified_gmt":"2022-11-03T11:13:52","slug":"marseille-chooses-etf-to-extend-its-tramway","status":"publish","type":"post","link":"https:\/\/www.etf.fr\/en\/actualites\/marseille-chooses-etf-to-extend-its-tramway\/","title":{"rendered":"Marseille chooses ETF to extend its tramway"},"content":{"rendered":"\n<p><em>The Aix-Marseille-Provence metropolis has awarded ETF the &#8220;railway works&#8221; contract for the extension of line 3 of the city&#8217;s tramway system. Eurovia, also a subsidiary of VINCI Construction, will work alongside us on the roadwork portion of the southern extension.<\/em><\/p>\n\n\n\n<h3 class=\"wp-block-heading\"><strong>Commissioning in 2025<\/strong><\/h3>\n\n\n\n<p>In total, this project includes the laying of 15 km of track, the associated switches, the mineral and vegetal surfacing of the platform and the connection to the existing track. Our teams dedicated to urban projects will be working on 3 distinct areas:<\/p>\n\n\n\n<div class=\"wp-block-columns is-layout-flex wp-container-core-columns-is-layout-9d6595d7 wp-block-columns-is-layout-flex\">\n<div class=\"wp-block-column is-layout-flow wp-block-column-is-layout-flow\">\n<p class=\"has-text-align-center\"><strong>South section<\/strong><\/p>\n\n\n\n<p class=\"has-text-align-center\"><em>between the place Castellane and the Sainte-Marguerite hospital<\/em><\/p>\n\n\n\n<figure class=\"wp-block-embed is-type-video is-provider-youtube wp-block-embed-youtube wp-embed-aspect-16-9 wp-has-aspect-ratio\"><div class=\"wp-block-embed__wrapper\">\n<div class=\"oembed\">\n\t<iframe loading=\"lazy\" title=\"Tramway \u00e0 Marseille : d\u00e9couvrez le projet d&#039;extension Sud Castellane - La Gaye\" width=\"500\" height=\"281\" src=\"https:\/\/www.youtube.com\/embed\/pdWiW_-0y9o?feature=oembed\" frameborder=\"0\" allow=\"accelerometer; autoplay; clipboard-write; encrypted-media; gyroscope; picture-in-picture; web-share\" referrerpolicy=\"strict-origin-when-cross-origin\" allowfullscreen><\/iframe><\/div>\n\n<\/div><figcaption><em>@La Provence<\/em><\/figcaption><\/figure>\n<\/div>\n\n\n\n<div class=\"wp-block-column is-layout-flow wp-block-column-is-layout-flow\">\n<p class=\"has-text-align-center\"><strong>North Section<\/strong><\/p>\n\n\n\n<p><em>between Arenc and Capitaine G\u00e8ze<\/em><\/p>\n\n\n\n<figure class=\"wp-block-embed is-type-video is-provider-youtube wp-block-embed-youtube wp-embed-aspect-16-9 wp-has-aspect-ratio\"><div class=\"wp-block-embed__wrapper\">\n<div class=\"oembed\">\n\t<iframe loading=\"lazy\" title=\"Tramway \u00e0 Marseille : d\u00e9couvrez le projet d&#039;extension Nord Arenc - Capitaine G\u00e8ze\" width=\"500\" height=\"281\" src=\"https:\/\/www.youtube.com\/embed\/6SSxFUw7SYc?feature=oembed\" frameborder=\"0\" allow=\"accelerometer; autoplay; clipboard-write; encrypted-media; gyroscope; picture-in-picture; web-share\" referrerpolicy=\"strict-origin-when-cross-origin\" allowfullscreen><\/iframe><\/div>\n\n<\/div><figcaption><em>@La Provence<\/em><\/figcaption><\/figure>\n\n\n\n<p><\/p>\n<\/div>\n\n\n\n<div class=\"wp-block-column is-layout-flow wp-block-column-is-layout-flow\">\n<p class=\"has-text-align-center\"><strong>Maintenance and Repair Center (SMR)<\/strong><\/p>\n\n\n\n<p><em>opposite the Velodrome stadium, it will house the 12 new trains of the new line.<\/em><\/p>\n\n\n\n<figure class=\"wp-block-image size-large\"><img loading=\"lazy\" decoding=\"async\" width=\"951\" height=\"535\" src=\"https:\/\/www.etf.fr\/wp-content\/uploads\/2022\/02\/Sans-titre-29-951x535.png\" alt=\"\" class=\"wp-image-57759\" srcset=\"https:\/\/www.etf.fr\/wp-content\/uploads\/2022\/02\/Sans-titre-29-951x535.png 951w, https:\/\/www.etf.fr\/wp-content\/uploads\/2022\/02\/Sans-titre-29-250x141.png 250w, https:\/\/www.etf.fr\/wp-content\/uploads\/2022\/02\/Sans-titre-29-702x395.png 702w, https:\/\/www.etf.fr\/wp-content\/uploads\/2022\/02\/Sans-titre-29-1536x864.png 1536w, https:\/\/www.etf.fr\/wp-content\/uploads\/2022\/02\/Sans-titre-29.png 1920w\" sizes=\"auto, (max-width: 951px) 100vw, 951px\" \/><\/figure>\n<\/div>\n<\/div>\n\n\n\n<div class=\"wp-block-columns are-vertically-aligned-center is-layout-flex wp-container-core-columns-is-layout-9d6595d7 wp-block-columns-is-layout-flex\">\n<div class=\"wp-block-column is-vertically-aligned-center is-layout-flow wp-block-column-is-layout-flow\"><\/div>\n<\/div>\n\n\n\n<h3 class=\"wp-block-heading\"><strong>A site to promote urban development<\/strong><\/h3>\n\n\n\n<p>The extension of line 3 of the Marseille tramway is part of a vast plan launched by the Metropolis and the State, &#8220;<em>Marseille en Grand<\/em>&#8220;. This transport line will become the backbone of Marseille&#8217;s urban mobility by connecting several interchange centres. A multiple, frequent and sustainable transport offer that will eventually save up to 9,000 tonnes of greenhouse gases per year.<\/p>\n","protected":false},"excerpt":{"rendered":"<p>The Aix-Marseille-Provence metropolis has awarded ETF the &#8220;railway works&#8221; contract for the extension of line 3 of the city&#8217;s tramway&#8230;<\/p>\n","protected":false},"author":5,"featured_media":57760,"comment_status":"closed","ping_status":"closed","sticky":false,"template":"","format":"standard","meta":{"_acf_changed":false,"footnotes":""},"categories":[2],"tags":[],"class_list":["post-71580","post","type-post","status-publish","format-standard","has-post-thumbnail","hentry","category-actualites"],"acf":[],"yoast_head":"<!-- This site is optimized with the Yoast SEO plugin v27.5 - https:\/\/yoast.com\/product\/yoast-seo-wordpress\/ -->\n<title>Marseille chooses ETF to extend its tramway - ETF<\/title>\n<meta name=\"robots\" content=\"index, follow, max-snippet:-1, max-image-preview:large, max-video-preview:-1\" \/>\n<link rel=\"canonical\" href=\"https:\/\/www.etf.fr\/agences-grands-projets-transports-urbains\/marseille-choisit-etf-pour-lextension-de-son-tramway\/\" \/>\n<meta property=\"og:locale\" content=\"en_US\" \/>\n<meta property=\"og:type\" content=\"article\" \/>\n<meta property=\"og:title\" content=\"Marseille chooses ETF to extend its tramway - ETF\" \/>\n<meta property=\"og:description\" content=\"The Aix-Marseille-Provence metropolis has awarded ETF the &#8220;railway works&#8221; contract for the extension of line 3 of the city&#8217;s tramway...\" \/>\n<meta property=\"og:url\" content=\"https:\/\/www.etf.fr\/agences-grands-projets-transports-urbains\/marseille-choisit-etf-pour-lextension-de-son-tramway\/\" \/>\n<meta property=\"og:site_name\" content=\"ETF\" \/>\n<meta property=\"article:published_time\" content=\"2022-02-14T13:12:00+00:00\" \/>\n<meta property=\"article:modified_time\" content=\"2022-11-03T11:13:52+00:00\" \/>\n<meta property=\"og:image\" content=\"https:\/\/www.etf.fr\/wp-content\/uploads\/2022\/02\/iStock-1142893972-1-scaled.jpg\" \/>\n\t<meta property=\"og:image:width\" content=\"2560\" \/>\n\t<meta property=\"og:image:height\" content=\"1707\" \/>\n\t<meta property=\"og:image:type\" content=\"image\/jpeg\" \/>\n<meta name=\"author\" content=\"mathilde\" \/>\n<meta name=\"twitter:card\" content=\"summary_large_image\" \/>\n<meta name=\"twitter:label1\" content=\"Written by\" \/>\n\t<meta name=\"twitter:data1\" content=\"mathilde\" \/>\n\t<meta name=\"twitter:label2\" content=\"Est. reading time\" \/>\n\t<meta name=\"twitter:data2\" content=\"2 minutes\" \/>\n<script type=\"application\/ld+json\" class=\"yoast-schema-graph\">{\"@context\":\"https:\\\/\\\/schema.org\",\"@graph\":[{\"@type\":\"Article\",\"@id\":\"https:\\\/\\\/www.etf.fr\\\/agences-grands-projets-transports-urbains\\\/marseille-choisit-etf-pour-lextension-de-son-tramway\\\/#article\",\"isPartOf\":{\"@id\":\"https:\\\/\\\/www.etf.fr\\\/agences-grands-projets-transports-urbains\\\/marseille-choisit-etf-pour-lextension-de-son-tramway\\\/\"},\"author\":{\"name\":\"mathilde\",\"@id\":\"https:\\\/\\\/www.etf.fr\\\/#\\\/schema\\\/person\\\/161a2c149c1f701b263f97f54de35dbd\"},\"headline\":\"Marseille chooses ETF to extend its tramway\",\"datePublished\":\"2022-02-14T13:12:00+00:00\",\"dateModified\":\"2022-11-03T11:13:52+00:00\",\"mainEntityOfPage\":{\"@id\":\"https:\\\/\\\/www.etf.fr\\\/agences-grands-projets-transports-urbains\\\/marseille-choisit-etf-pour-lextension-de-son-tramway\\\/\"},\"wordCount\":207,\"publisher\":{\"@id\":\"https:\\\/\\\/www.etf.fr\\\/#organization\"},\"image\":{\"@id\":\"https:\\\/\\\/www.etf.fr\\\/agences-grands-projets-transports-urbains\\\/marseille-choisit-etf-pour-lextension-de-son-tramway\\\/#primaryimage\"},\"thumbnailUrl\":\"https:\\\/\\\/www.etf.fr\\\/wp-content\\\/uploads\\\/2022\\\/02\\\/iStock-1142893972-1-scaled.jpg\",\"articleSection\":[\"Actualit\u00e9s\"],\"inLanguage\":\"en-US\"},{\"@type\":\"WebPage\",\"@id\":\"https:\\\/\\\/www.etf.fr\\\/agences-grands-projets-transports-urbains\\\/marseille-choisit-etf-pour-lextension-de-son-tramway\\\/\",\"url\":\"https:\\\/\\\/www.etf.fr\\\/agences-grands-projets-transports-urbains\\\/marseille-choisit-etf-pour-lextension-de-son-tramway\\\/\",\"name\":\"Marseille chooses ETF to extend its tramway - ETF\",\"isPartOf\":{\"@id\":\"https:\\\/\\\/www.etf.fr\\\/#website\"},\"primaryImageOfPage\":{\"@id\":\"https:\\\/\\\/www.etf.fr\\\/agences-grands-projets-transports-urbains\\\/marseille-choisit-etf-pour-lextension-de-son-tramway\\\/#primaryimage\"},\"image\":{\"@id\":\"https:\\\/\\\/www.etf.fr\\\/agences-grands-projets-transports-urbains\\\/marseille-choisit-etf-pour-lextension-de-son-tramway\\\/#primaryimage\"},\"thumbnailUrl\":\"https:\\\/\\\/www.etf.fr\\\/wp-content\\\/uploads\\\/2022\\\/02\\\/iStock-1142893972-1-scaled.jpg\",\"datePublished\":\"2022-02-14T13:12:00+00:00\",\"dateModified\":\"2022-11-03T11:13:52+00:00\",\"breadcrumb\":{\"@id\":\"https:\\\/\\\/www.etf.fr\\\/agences-grands-projets-transports-urbains\\\/marseille-choisit-etf-pour-lextension-de-son-tramway\\\/#breadcrumb\"},\"inLanguage\":\"en-US\",\"potentialAction\":[{\"@type\":\"ReadAction\",\"target\":[\"https:\\\/\\\/www.etf.fr\\\/agences-grands-projets-transports-urbains\\\/marseille-choisit-etf-pour-lextension-de-son-tramway\\\/\"]}]},{\"@type\":\"ImageObject\",\"inLanguage\":\"en-US\",\"@id\":\"https:\\\/\\\/www.etf.fr\\\/agences-grands-projets-transports-urbains\\\/marseille-choisit-etf-pour-lextension-de-son-tramway\\\/#primaryimage\",\"url\":\"https:\\\/\\\/www.etf.fr\\\/wp-content\\\/uploads\\\/2022\\\/02\\\/iStock-1142893972-1-scaled.jpg\",\"contentUrl\":\"https:\\\/\\\/www.etf.fr\\\/wp-content\\\/uploads\\\/2022\\\/02\\\/iStock-1142893972-1-scaled.jpg\",\"width\":2560,\"height\":1707,\"caption\":\"Marseille, France - April 7 2019 : Modern tramway passing by the center in Marseille with Porte Royale - triumphal arch on the back\"},{\"@type\":\"BreadcrumbList\",\"@id\":\"https:\\\/\\\/www.etf.fr\\\/agences-grands-projets-transports-urbains\\\/marseille-choisit-etf-pour-lextension-de-son-tramway\\\/#breadcrumb\",\"itemListElement\":[{\"@type\":\"ListItem\",\"position\":1,\"name\":\"Accueil\",\"item\":\"https:\\\/\\\/www.etf.fr\\\/en\\\/\"},{\"@type\":\"ListItem\",\"position\":2,\"name\":\"Marseille chooses ETF to extend its tramway\"}]},{\"@type\":\"WebSite\",\"@id\":\"https:\\\/\\\/www.etf.fr\\\/#website\",\"url\":\"https:\\\/\\\/www.etf.fr\\\/\",\"name\":\"ETF\",\"description\":\"Your transport partner worldwide\",\"publisher\":{\"@id\":\"https:\\\/\\\/www.etf.fr\\\/#organization\"},\"potentialAction\":[{\"@type\":\"SearchAction\",\"target\":{\"@type\":\"EntryPoint\",\"urlTemplate\":\"https:\\\/\\\/www.etf.fr\\\/?s={search_term_string}\"},\"query-input\":{\"@type\":\"PropertyValueSpecification\",\"valueRequired\":true,\"valueName\":\"search_term_string\"}}],\"inLanguage\":\"en-US\"},{\"@type\":\"Organization\",\"@id\":\"https:\\\/\\\/www.etf.fr\\\/#organization\",\"name\":\"ETF\",\"url\":\"https:\\\/\\\/www.etf.fr\\\/\",\"logo\":{\"@type\":\"ImageObject\",\"inLanguage\":\"en-US\",\"@id\":\"https:\\\/\\\/www.etf.fr\\\/#\\\/schema\\\/logo\\\/image\\\/\",\"url\":\"https:\\\/\\\/www.etf.fr\\\/wp-content\\\/uploads\\\/2019\\\/03\\\/logo-ETF.png\",\"contentUrl\":\"https:\\\/\\\/www.etf.fr\\\/wp-content\\\/uploads\\\/2019\\\/03\\\/logo-ETF.png\",\"width\":272,\"height\":161,\"caption\":\"ETF\"},\"image\":{\"@id\":\"https:\\\/\\\/www.etf.fr\\\/#\\\/schema\\\/logo\\\/image\\\/\"}},{\"@type\":\"Person\",\"@id\":\"https:\\\/\\\/www.etf.fr\\\/#\\\/schema\\\/person\\\/161a2c149c1f701b263f97f54de35dbd\",\"name\":\"mathilde\",\"url\":\"https:\\\/\\\/www.etf.fr\\\/en\\\/author\\\/mathilde\\\/\"}]}<\/script>\n<!-- \/ Yoast SEO plugin. -->","yoast_head_json":{"title":"Marseille chooses ETF to extend its tramway - ETF","robots":{"index":"index","follow":"follow","max-snippet":"max-snippet:-1","max-image-preview":"max-image-preview:large","max-video-preview":"max-video-preview:-1"},"canonical":"https:\/\/www.etf.fr\/agences-grands-projets-transports-urbains\/marseille-choisit-etf-pour-lextension-de-son-tramway\/","og_locale":"en_US","og_type":"article","og_title":"Marseille chooses ETF to extend its tramway - ETF","og_description":"The Aix-Marseille-Provence metropolis has awarded ETF the &#8220;railway works&#8221; contract for the extension of line 3 of the city&#8217;s tramway...","og_url":"https:\/\/www.etf.fr\/agences-grands-projets-transports-urbains\/marseille-choisit-etf-pour-lextension-de-son-tramway\/","og_site_name":"ETF","article_published_time":"2022-02-14T13:12:00+00:00","article_modified_time":"2022-11-03T11:13:52+00:00","og_image":[{"width":2560,"height":1707,"url":"https:\/\/www.etf.fr\/wp-content\/uploads\/2022\/02\/iStock-1142893972-1-scaled.jpg","type":"image\/jpeg"}],"author":"mathilde","twitter_card":"summary_large_image","twitter_misc":{"Written by":"mathilde","Est. reading time":"2 minutes"},"schema":{"@context":"https:\/\/schema.org","@graph":[{"@type":"Article","@id":"https:\/\/www.etf.fr\/agences-grands-projets-transports-urbains\/marseille-choisit-etf-pour-lextension-de-son-tramway\/#article","isPartOf":{"@id":"https:\/\/www.etf.fr\/agences-grands-projets-transports-urbains\/marseille-choisit-etf-pour-lextension-de-son-tramway\/"},"author":{"name":"mathilde","@id":"https:\/\/www.etf.fr\/#\/schema\/person\/161a2c149c1f701b263f97f54de35dbd"},"headline":"Marseille chooses ETF to extend its tramway","datePublished":"2022-02-14T13:12:00+00:00","dateModified":"2022-11-03T11:13:52+00:00","mainEntityOfPage":{"@id":"https:\/\/www.etf.fr\/agences-grands-projets-transports-urbains\/marseille-choisit-etf-pour-lextension-de-son-tramway\/"},"wordCount":207,"publisher":{"@id":"https:\/\/www.etf.fr\/#organization"},"image":{"@id":"https:\/\/www.etf.fr\/agences-grands-projets-transports-urbains\/marseille-choisit-etf-pour-lextension-de-son-tramway\/#primaryimage"},"thumbnailUrl":"https:\/\/www.etf.fr\/wp-content\/uploads\/2022\/02\/iStock-1142893972-1-scaled.jpg","articleSection":["Actualit\u00e9s"],"inLanguage":"en-US"},{"@type":"WebPage","@id":"https:\/\/www.etf.fr\/agences-grands-projets-transports-urbains\/marseille-choisit-etf-pour-lextension-de-son-tramway\/","url":"https:\/\/www.etf.fr\/agences-grands-projets-transports-urbains\/marseille-choisit-etf-pour-lextension-de-son-tramway\/","name":"Marseille chooses ETF to extend its tramway - ETF","isPartOf":{"@id":"https:\/\/www.etf.fr\/#website"},"primaryImageOfPage":{"@id":"https:\/\/www.etf.fr\/agences-grands-projets-transports-urbains\/marseille-choisit-etf-pour-lextension-de-son-tramway\/#primaryimage"},"image":{"@id":"https:\/\/www.etf.fr\/agences-grands-projets-transports-urbains\/marseille-choisit-etf-pour-lextension-de-son-tramway\/#primaryimage"},"thumbnailUrl":"https:\/\/www.etf.fr\/wp-content\/uploads\/2022\/02\/iStock-1142893972-1-scaled.jpg","datePublished":"2022-02-14T13:12:00+00:00","dateModified":"2022-11-03T11:13:52+00:00","breadcrumb":{"@id":"https:\/\/www.etf.fr\/agences-grands-projets-transports-urbains\/marseille-choisit-etf-pour-lextension-de-son-tramway\/#breadcrumb"},"inLanguage":"en-US","potentialAction":[{"@type":"ReadAction","target":["https:\/\/www.etf.fr\/agences-grands-projets-transports-urbains\/marseille-choisit-etf-pour-lextension-de-son-tramway\/"]}]},{"@type":"ImageObject","inLanguage":"en-US","@id":"https:\/\/www.etf.fr\/agences-grands-projets-transports-urbains\/marseille-choisit-etf-pour-lextension-de-son-tramway\/#primaryimage","url":"https:\/\/www.etf.fr\/wp-content\/uploads\/2022\/02\/iStock-1142893972-1-scaled.jpg","contentUrl":"https:\/\/www.etf.fr\/wp-content\/uploads\/2022\/02\/iStock-1142893972-1-scaled.jpg","width":2560,"height":1707,"caption":"Marseille, France - April 7 2019 : Modern tramway passing by the center in Marseille with Porte Royale - triumphal arch on the back"},{"@type":"BreadcrumbList","@id":"https:\/\/www.etf.fr\/agences-grands-projets-transports-urbains\/marseille-choisit-etf-pour-lextension-de-son-tramway\/#breadcrumb","itemListElement":[{"@type":"ListItem","position":1,"name":"Accueil","item":"https:\/\/www.etf.fr\/en\/"},{"@type":"ListItem","position":2,"name":"Marseille chooses ETF to extend its tramway"}]},{"@type":"WebSite","@id":"https:\/\/www.etf.fr\/#website","url":"https:\/\/www.etf.fr\/","name":"ETF","description":"Your transport partner worldwide","publisher":{"@id":"https:\/\/www.etf.fr\/#organization"},"potentialAction":[{"@type":"SearchAction","target":{"@type":"EntryPoint","urlTemplate":"https:\/\/www.etf.fr\/?s={search_term_string}"},"query-input":{"@type":"PropertyValueSpecification","valueRequired":true,"valueName":"search_term_string"}}],"inLanguage":"en-US"},{"@type":"Organization","@id":"https:\/\/www.etf.fr\/#organization","name":"ETF","url":"https:\/\/www.etf.fr\/","logo":{"@type":"ImageObject","inLanguage":"en-US","@id":"https:\/\/www.etf.fr\/#\/schema\/logo\/image\/","url":"https:\/\/www.etf.fr\/wp-content\/uploads\/2019\/03\/logo-ETF.png","contentUrl":"https:\/\/www.etf.fr\/wp-content\/uploads\/2019\/03\/logo-ETF.png","width":272,"height":161,"caption":"ETF"},"image":{"@id":"https:\/\/www.etf.fr\/#\/schema\/logo\/image\/"}},{"@type":"Person","@id":"https:\/\/www.etf.fr\/#\/schema\/person\/161a2c149c1f701b263f97f54de35dbd","name":"mathilde","url":"https:\/\/www.etf.fr\/en\/author\/mathilde\/"}]}},"_links":{"self":[{"href":"https:\/\/www.etf.fr\/en\/wp-json\/wp\/v2\/posts\/71580","targetHints":{"allow":["GET"]}}],"collection":[{"href":"https:\/\/www.etf.fr\/en\/wp-json\/wp\/v2\/posts"}],"about":[{"href":"https:\/\/www.etf.fr\/en\/wp-json\/wp\/v2\/types\/post"}],"author":[{"embeddable":true,"href":"https:\/\/www.etf.fr\/en\/wp-json\/wp\/v2\/users\/5"}],"replies":[{"embeddable":true,"href":"https:\/\/www.etf.fr\/en\/wp-json\/wp\/v2\/comments?post=71580"}],"version-history":[{"count":0,"href":"https:\/\/www.etf.fr\/en\/wp-json\/wp\/v2\/posts\/71580\/revisions"}],"wp:featuredmedia":[{"embeddable":true,"href":"https:\/\/www.etf.fr\/en\/wp-json\/wp\/v2\/media\/57760"}],"wp:attachment":[{"href":"https:\/\/www.etf.fr\/en\/wp-json\/wp\/v2\/media?parent=71580"}],"wp:term":[{"taxonomy":"category","embeddable":true,"href":"https:\/\/www.etf.fr\/en\/wp-json\/wp\/v2\/categories?post=71580"},{"taxonomy":"post_tag","embeddable":true,"href":"https:\/\/www.etf.fr\/en\/wp-json\/wp\/v2\/tags?post=71580"}],"curies":[{"name":"wp","href":"https:\/\/api.w.org\/{rel}","templated":true}]}}