{"id":9541114,"date":"2025-01-16T14:18:00","date_gmt":"2025-01-16T13:18:00","guid":{"rendered":"https:\/\/www.etf.fr\/?p=9541114"},"modified":"2025-05-20T15:12:47","modified_gmt":"2025-05-20T13:12:47","slug":"etf-wins-a-major-rail-contract-in-marseille","status":"publish","type":"post","link":"https:\/\/www.etf.fr\/en\/agence-sud-est-en\/etf-wins-a-major-rail-contract-in-marseille\/","title":{"rendered":"ETF wins a major rail contract in Marseille"},"content":{"rendered":"\n<p><strong>Le groupement compos\u00e9 de SFERIS (mandataire), ETF et RTM a \u00e9t\u00e9 retenu pour la gestion des infrastructures ferroviaires du Grand Port Maritime de Marseille (GPMM) sur les dix prochaines ann\u00e9es. Ce contrat comprend la gestion, la maintenance, l\u2019exploitation et la s\u00e9curit\u00e9 de pr\u00e8s de 80 km de voie et 130 appareils de voie.<\/strong><\/p>\n\n\n\n<p>In this context, ETF will mainly manage systematic, preventive, corrective and remedial rail maintenance. This activity will mobilise five dedicated employees, supported by the ITE sector in Vitrolles, which has a strong presence in the region. Regular interventions will ensure the smooth operation of all infrastructure, including tracks, catenaries, engineering structures, electrical services, mechanical services and signalling.<\/p>\n\n\n\n<p>This success marks the third consecutive contract won by the consortium, which has been working with the Port of Marseille since 2010. The success is based on the perfect mastery of the site and the teams, as well as on the efficiency of the work carried out over the last few years.<\/p>\n\n\n\n<p>This strategic project underlines the importance of rail in ensuring the smooth running of freight port operations, which are the pillars of international trade, and in promoting efficient intermodal transport to serve local communities.<\/p>\n\n\n\n<figure class=\"wp-block-image size-large\"><img loading=\"lazy\" decoding=\"async\" width=\"951\" height=\"535\" src=\"https:\/\/www.etf.fr\/wp-content\/uploads\/2025\/01\/vlcsnap-2025-01-16-15h54m24s623-951x535.png\" alt=\"\" class=\"wp-image-8753510\" srcset=\"https:\/\/www.etf.fr\/wp-content\/uploads\/2025\/01\/vlcsnap-2025-01-16-15h54m24s623-951x535.png 951w, https:\/\/www.etf.fr\/wp-content\/uploads\/2025\/01\/vlcsnap-2025-01-16-15h54m24s623-250x141.png 250w, https:\/\/www.etf.fr\/wp-content\/uploads\/2025\/01\/vlcsnap-2025-01-16-15h54m24s623-702x395.png 702w, https:\/\/www.etf.fr\/wp-content\/uploads\/2025\/01\/vlcsnap-2025-01-16-15h54m24s623-1536x864.png 1536w, https:\/\/www.etf.fr\/wp-content\/uploads\/2025\/01\/vlcsnap-2025-01-16-15h54m24s623.png 1920w\" sizes=\"auto, (max-width: 951px) 100vw, 951px\" \/><\/figure>\n","protected":false},"excerpt":{"rendered":"<p>Le groupement compos\u00e9 de SFERIS (mandataire), ETF et RTM a \u00e9t\u00e9 retenu pour la gestion des infrastructures ferroviaires du Grand&#8230;<\/p>\n","protected":false},"author":239,"featured_media":8753512,"comment_status":"closed","ping_status":"closed","sticky":false,"template":"","format":"standard","meta":{"_acf_changed":false,"footnotes":""},"categories":[228,203],"tags":[],"class_list":["post-9541114","post","type-post","status-publish","format-standard","has-post-thumbnail","hentry","category-rail-mobility","category-agence-sud-est-en"],"acf":[],"yoast_head":"<!-- This site is optimized with the Yoast SEO plugin v27.5 - https:\/\/yoast.com\/product\/yoast-seo-wordpress\/ -->\n<title>ETF wins a major rail contract in Marseille - ETF<\/title>\n<meta name=\"robots\" content=\"index, follow, max-snippet:-1, max-image-preview:large, max-video-preview:-1\" \/>\n<link rel=\"canonical\" href=\"https:\/\/www.etf.fr\/en\/agence-sud-est-en\/etf-wins-a-major-rail-contract-in-marseille\/\" \/>\n<meta property=\"og:locale\" content=\"en_US\" \/>\n<meta property=\"og:type\" content=\"article\" \/>\n<meta property=\"og:title\" content=\"ETF wins a major rail contract in Marseille - ETF\" \/>\n<meta property=\"og:description\" content=\"Le groupement compos\u00e9 de SFERIS (mandataire), ETF et RTM a \u00e9t\u00e9 retenu pour la gestion des infrastructures ferroviaires du Grand...\" \/>\n<meta property=\"og:url\" content=\"https:\/\/www.etf.fr\/en\/agence-sud-est-en\/etf-wins-a-major-rail-contract-in-marseille\/\" \/>\n<meta property=\"og:site_name\" content=\"ETF\" \/>\n<meta property=\"article:published_time\" content=\"2025-01-16T13:18:00+00:00\" \/>\n<meta property=\"article:modified_time\" content=\"2025-05-20T13:12:47+00:00\" \/>\n<meta property=\"og:image\" content=\"https:\/\/www.etf.fr\/wp-content\/uploads\/2025\/01\/vlcsnap-2025-01-16-15h54m36s175-951x535.png\" \/>\n\t<meta property=\"og:image:width\" content=\"951\" \/>\n\t<meta property=\"og:image:height\" content=\"535\" \/>\n\t<meta property=\"og:image:type\" content=\"image\/png\" \/>\n<meta name=\"author\" content=\"chloe\" \/>\n<meta name=\"twitter:card\" content=\"summary_large_image\" \/>\n<meta name=\"twitter:label1\" content=\"Written by\" \/>\n\t<meta name=\"twitter:data1\" content=\"chloe\" \/>\n\t<meta name=\"twitter:label2\" content=\"Est. reading time\" \/>\n\t<meta name=\"twitter:data2\" content=\"2 minutes\" \/>\n<script type=\"application\/ld+json\" class=\"yoast-schema-graph\">{\"@context\":\"https:\\\/\\\/schema.org\",\"@graph\":[{\"@type\":\"Article\",\"@id\":\"https:\\\/\\\/www.etf.fr\\\/en\\\/agence-sud-est-en\\\/etf-wins-a-major-rail-contract-in-marseille\\\/#article\",\"isPartOf\":{\"@id\":\"https:\\\/\\\/www.etf.fr\\\/en\\\/agence-sud-est-en\\\/etf-wins-a-major-rail-contract-in-marseille\\\/\"},\"author\":{\"name\":\"chloe\",\"@id\":\"https:\\\/\\\/www.etf.fr\\\/#\\\/schema\\\/person\\\/b20334e710830573c2a3ba4ab9b7d679\"},\"headline\":\"ETF wins a major rail contract in Marseille\",\"datePublished\":\"2025-01-16T13:18:00+00:00\",\"dateModified\":\"2025-05-20T13:12:47+00:00\",\"mainEntityOfPage\":{\"@id\":\"https:\\\/\\\/www.etf.fr\\\/en\\\/agence-sud-est-en\\\/etf-wins-a-major-rail-contract-in-marseille\\\/\"},\"wordCount\":205,\"publisher\":{\"@id\":\"https:\\\/\\\/www.etf.fr\\\/#organization\"},\"image\":{\"@id\":\"https:\\\/\\\/www.etf.fr\\\/en\\\/agence-sud-est-en\\\/etf-wins-a-major-rail-contract-in-marseille\\\/#primaryimage\"},\"thumbnailUrl\":\"https:\\\/\\\/www.etf.fr\\\/wp-content\\\/uploads\\\/2025\\\/01\\\/vlcsnap-2025-01-16-15h54m36s175.png\",\"articleSection\":[\"Rail mobility\",\"Agence Sud Est\"],\"inLanguage\":\"en-US\"},{\"@type\":\"WebPage\",\"@id\":\"https:\\\/\\\/www.etf.fr\\\/en\\\/agence-sud-est-en\\\/etf-wins-a-major-rail-contract-in-marseille\\\/\",\"url\":\"https:\\\/\\\/www.etf.fr\\\/en\\\/agence-sud-est-en\\\/etf-wins-a-major-rail-contract-in-marseille\\\/\",\"name\":\"ETF wins a major rail contract in Marseille - ETF\",\"isPartOf\":{\"@id\":\"https:\\\/\\\/www.etf.fr\\\/#website\"},\"primaryImageOfPage\":{\"@id\":\"https:\\\/\\\/www.etf.fr\\\/en\\\/agence-sud-est-en\\\/etf-wins-a-major-rail-contract-in-marseille\\\/#primaryimage\"},\"image\":{\"@id\":\"https:\\\/\\\/www.etf.fr\\\/en\\\/agence-sud-est-en\\\/etf-wins-a-major-rail-contract-in-marseille\\\/#primaryimage\"},\"thumbnailUrl\":\"https:\\\/\\\/www.etf.fr\\\/wp-content\\\/uploads\\\/2025\\\/01\\\/vlcsnap-2025-01-16-15h54m36s175.png\",\"datePublished\":\"2025-01-16T13:18:00+00:00\",\"dateModified\":\"2025-05-20T13:12:47+00:00\",\"breadcrumb\":{\"@id\":\"https:\\\/\\\/www.etf.fr\\\/en\\\/agence-sud-est-en\\\/etf-wins-a-major-rail-contract-in-marseille\\\/#breadcrumb\"},\"inLanguage\":\"en-US\",\"potentialAction\":[{\"@type\":\"ReadAction\",\"target\":[\"https:\\\/\\\/www.etf.fr\\\/en\\\/agence-sud-est-en\\\/etf-wins-a-major-rail-contract-in-marseille\\\/\"]}]},{\"@type\":\"ImageObject\",\"inLanguage\":\"en-US\",\"@id\":\"https:\\\/\\\/www.etf.fr\\\/en\\\/agence-sud-est-en\\\/etf-wins-a-major-rail-contract-in-marseille\\\/#primaryimage\",\"url\":\"https:\\\/\\\/www.etf.fr\\\/wp-content\\\/uploads\\\/2025\\\/01\\\/vlcsnap-2025-01-16-15h54m36s175.png\",\"contentUrl\":\"https:\\\/\\\/www.etf.fr\\\/wp-content\\\/uploads\\\/2025\\\/01\\\/vlcsnap-2025-01-16-15h54m36s175.png\",\"width\":1920,\"height\":1080},{\"@type\":\"BreadcrumbList\",\"@id\":\"https:\\\/\\\/www.etf.fr\\\/en\\\/agence-sud-est-en\\\/etf-wins-a-major-rail-contract-in-marseille\\\/#breadcrumb\",\"itemListElement\":[{\"@type\":\"ListItem\",\"position\":1,\"name\":\"Accueil\",\"item\":\"https:\\\/\\\/www.etf.fr\\\/en\\\/\"},{\"@type\":\"ListItem\",\"position\":2,\"name\":\"ETF wins a major rail contract in Marseille\"}]},{\"@type\":\"WebSite\",\"@id\":\"https:\\\/\\\/www.etf.fr\\\/#website\",\"url\":\"https:\\\/\\\/www.etf.fr\\\/\",\"name\":\"ETF\",\"description\":\"Your transport partner worldwide\",\"publisher\":{\"@id\":\"https:\\\/\\\/www.etf.fr\\\/#organization\"},\"potentialAction\":[{\"@type\":\"SearchAction\",\"target\":{\"@type\":\"EntryPoint\",\"urlTemplate\":\"https:\\\/\\\/www.etf.fr\\\/?s={search_term_string}\"},\"query-input\":{\"@type\":\"PropertyValueSpecification\",\"valueRequired\":true,\"valueName\":\"search_term_string\"}}],\"inLanguage\":\"en-US\"},{\"@type\":\"Organization\",\"@id\":\"https:\\\/\\\/www.etf.fr\\\/#organization\",\"name\":\"ETF\",\"url\":\"https:\\\/\\\/www.etf.fr\\\/\",\"logo\":{\"@type\":\"ImageObject\",\"inLanguage\":\"en-US\",\"@id\":\"https:\\\/\\\/www.etf.fr\\\/#\\\/schema\\\/logo\\\/image\\\/\",\"url\":\"https:\\\/\\\/www.etf.fr\\\/wp-content\\\/uploads\\\/2019\\\/03\\\/logo-ETF.png\",\"contentUrl\":\"https:\\\/\\\/www.etf.fr\\\/wp-content\\\/uploads\\\/2019\\\/03\\\/logo-ETF.png\",\"width\":272,\"height\":161,\"caption\":\"ETF\"},\"image\":{\"@id\":\"https:\\\/\\\/www.etf.fr\\\/#\\\/schema\\\/logo\\\/image\\\/\"}},{\"@type\":\"Person\",\"@id\":\"https:\\\/\\\/www.etf.fr\\\/#\\\/schema\\\/person\\\/b20334e710830573c2a3ba4ab9b7d679\",\"name\":\"chloe\",\"url\":\"https:\\\/\\\/www.etf.fr\\\/en\\\/author\\\/chloe\\\/\"}]}<\/script>\n<!-- \/ Yoast SEO plugin. -->","yoast_head_json":{"title":"ETF wins a major rail contract in Marseille - ETF","robots":{"index":"index","follow":"follow","max-snippet":"max-snippet:-1","max-image-preview":"max-image-preview:large","max-video-preview":"max-video-preview:-1"},"canonical":"https:\/\/www.etf.fr\/en\/agence-sud-est-en\/etf-wins-a-major-rail-contract-in-marseille\/","og_locale":"en_US","og_type":"article","og_title":"ETF wins a major rail contract in Marseille - ETF","og_description":"Le groupement compos\u00e9 de SFERIS (mandataire), ETF et RTM a \u00e9t\u00e9 retenu pour la gestion des infrastructures ferroviaires du Grand...","og_url":"https:\/\/www.etf.fr\/en\/agence-sud-est-en\/etf-wins-a-major-rail-contract-in-marseille\/","og_site_name":"ETF","article_published_time":"2025-01-16T13:18:00+00:00","article_modified_time":"2025-05-20T13:12:47+00:00","og_image":[{"width":951,"height":535,"url":"https:\/\/www.etf.fr\/wp-content\/uploads\/2025\/01\/vlcsnap-2025-01-16-15h54m36s175-951x535.png","type":"image\/png"}],"author":"chloe","twitter_card":"summary_large_image","twitter_misc":{"Written by":"chloe","Est. reading time":"2 minutes"},"schema":{"@context":"https:\/\/schema.org","@graph":[{"@type":"Article","@id":"https:\/\/www.etf.fr\/en\/agence-sud-est-en\/etf-wins-a-major-rail-contract-in-marseille\/#article","isPartOf":{"@id":"https:\/\/www.etf.fr\/en\/agence-sud-est-en\/etf-wins-a-major-rail-contract-in-marseille\/"},"author":{"name":"chloe","@id":"https:\/\/www.etf.fr\/#\/schema\/person\/b20334e710830573c2a3ba4ab9b7d679"},"headline":"ETF wins a major rail contract in Marseille","datePublished":"2025-01-16T13:18:00+00:00","dateModified":"2025-05-20T13:12:47+00:00","mainEntityOfPage":{"@id":"https:\/\/www.etf.fr\/en\/agence-sud-est-en\/etf-wins-a-major-rail-contract-in-marseille\/"},"wordCount":205,"publisher":{"@id":"https:\/\/www.etf.fr\/#organization"},"image":{"@id":"https:\/\/www.etf.fr\/en\/agence-sud-est-en\/etf-wins-a-major-rail-contract-in-marseille\/#primaryimage"},"thumbnailUrl":"https:\/\/www.etf.fr\/wp-content\/uploads\/2025\/01\/vlcsnap-2025-01-16-15h54m36s175.png","articleSection":["Rail mobility","Agence Sud Est"],"inLanguage":"en-US"},{"@type":"WebPage","@id":"https:\/\/www.etf.fr\/en\/agence-sud-est-en\/etf-wins-a-major-rail-contract-in-marseille\/","url":"https:\/\/www.etf.fr\/en\/agence-sud-est-en\/etf-wins-a-major-rail-contract-in-marseille\/","name":"ETF wins a major rail contract in Marseille - ETF","isPartOf":{"@id":"https:\/\/www.etf.fr\/#website"},"primaryImageOfPage":{"@id":"https:\/\/www.etf.fr\/en\/agence-sud-est-en\/etf-wins-a-major-rail-contract-in-marseille\/#primaryimage"},"image":{"@id":"https:\/\/www.etf.fr\/en\/agence-sud-est-en\/etf-wins-a-major-rail-contract-in-marseille\/#primaryimage"},"thumbnailUrl":"https:\/\/www.etf.fr\/wp-content\/uploads\/2025\/01\/vlcsnap-2025-01-16-15h54m36s175.png","datePublished":"2025-01-16T13:18:00+00:00","dateModified":"2025-05-20T13:12:47+00:00","breadcrumb":{"@id":"https:\/\/www.etf.fr\/en\/agence-sud-est-en\/etf-wins-a-major-rail-contract-in-marseille\/#breadcrumb"},"inLanguage":"en-US","potentialAction":[{"@type":"ReadAction","target":["https:\/\/www.etf.fr\/en\/agence-sud-est-en\/etf-wins-a-major-rail-contract-in-marseille\/"]}]},{"@type":"ImageObject","inLanguage":"en-US","@id":"https:\/\/www.etf.fr\/en\/agence-sud-est-en\/etf-wins-a-major-rail-contract-in-marseille\/#primaryimage","url":"https:\/\/www.etf.fr\/wp-content\/uploads\/2025\/01\/vlcsnap-2025-01-16-15h54m36s175.png","contentUrl":"https:\/\/www.etf.fr\/wp-content\/uploads\/2025\/01\/vlcsnap-2025-01-16-15h54m36s175.png","width":1920,"height":1080},{"@type":"BreadcrumbList","@id":"https:\/\/www.etf.fr\/en\/agence-sud-est-en\/etf-wins-a-major-rail-contract-in-marseille\/#breadcrumb","itemListElement":[{"@type":"ListItem","position":1,"name":"Accueil","item":"https:\/\/www.etf.fr\/en\/"},{"@type":"ListItem","position":2,"name":"ETF wins a major rail contract in Marseille"}]},{"@type":"WebSite","@id":"https:\/\/www.etf.fr\/#website","url":"https:\/\/www.etf.fr\/","name":"ETF","description":"Your transport partner worldwide","publisher":{"@id":"https:\/\/www.etf.fr\/#organization"},"potentialAction":[{"@type":"SearchAction","target":{"@type":"EntryPoint","urlTemplate":"https:\/\/www.etf.fr\/?s={search_term_string}"},"query-input":{"@type":"PropertyValueSpecification","valueRequired":true,"valueName":"search_term_string"}}],"inLanguage":"en-US"},{"@type":"Organization","@id":"https:\/\/www.etf.fr\/#organization","name":"ETF","url":"https:\/\/www.etf.fr\/","logo":{"@type":"ImageObject","inLanguage":"en-US","@id":"https:\/\/www.etf.fr\/#\/schema\/logo\/image\/","url":"https:\/\/www.etf.fr\/wp-content\/uploads\/2019\/03\/logo-ETF.png","contentUrl":"https:\/\/www.etf.fr\/wp-content\/uploads\/2019\/03\/logo-ETF.png","width":272,"height":161,"caption":"ETF"},"image":{"@id":"https:\/\/www.etf.fr\/#\/schema\/logo\/image\/"}},{"@type":"Person","@id":"https:\/\/www.etf.fr\/#\/schema\/person\/b20334e710830573c2a3ba4ab9b7d679","name":"chloe","url":"https:\/\/www.etf.fr\/en\/author\/chloe\/"}]}},"_links":{"self":[{"href":"https:\/\/www.etf.fr\/en\/wp-json\/wp\/v2\/posts\/9541114","targetHints":{"allow":["GET"]}}],"collection":[{"href":"https:\/\/www.etf.fr\/en\/wp-json\/wp\/v2\/posts"}],"about":[{"href":"https:\/\/www.etf.fr\/en\/wp-json\/wp\/v2\/types\/post"}],"author":[{"embeddable":true,"href":"https:\/\/www.etf.fr\/en\/wp-json\/wp\/v2\/users\/239"}],"replies":[{"embeddable":true,"href":"https:\/\/www.etf.fr\/en\/wp-json\/wp\/v2\/comments?post=9541114"}],"version-history":[{"count":2,"href":"https:\/\/www.etf.fr\/en\/wp-json\/wp\/v2\/posts\/9541114\/revisions"}],"predecessor-version":[{"id":9541222,"href":"https:\/\/www.etf.fr\/en\/wp-json\/wp\/v2\/posts\/9541114\/revisions\/9541222"}],"wp:featuredmedia":[{"embeddable":true,"href":"https:\/\/www.etf.fr\/en\/wp-json\/wp\/v2\/media\/8753512"}],"wp:attachment":[{"href":"https:\/\/www.etf.fr\/en\/wp-json\/wp\/v2\/media?parent=9541114"}],"wp:term":[{"taxonomy":"category","embeddable":true,"href":"https:\/\/www.etf.fr\/en\/wp-json\/wp\/v2\/categories?post=9541114"},{"taxonomy":"post_tag","embeddable":true,"href":"https:\/\/www.etf.fr\/en\/wp-json\/wp\/v2\/tags?post=9541114"}],"curies":[{"name":"wp","href":"https:\/\/api.w.org\/{rel}","templated":true}]}}