{"id":9541340,"date":"2024-12-19T14:39:00","date_gmt":"2024-12-19T13:39:00","guid":{"rendered":"https:\/\/www.etf.fr\/?p=9541340"},"modified":"2025-02-27T14:44:59","modified_gmt":"2025-02-27T13:44:59","slug":"graduates-of-the-etf-graduate-program-in-materials-meet-on-a-grand-paris-express-worksite","status":"publish","type":"post","link":"https:\/\/www.etf.fr\/en\/actualites-en\/graduates-of-the-etf-graduate-program-in-materials-meet-on-a-grand-paris-express-worksite\/","title":{"rendered":"ETF Graduate Program in Materials meet on a Grand Paris Express worksite"},"content":{"rendered":"\n<p><strong>As they do every year, the current and former graduates of ETF&#8217;s Graduate Program Mat\u00e9riel left their usual worksites behind for a very special visit. We headed for Nanterre, where one of the sites for the future line 15 West of the metro is being built.<\/strong><\/p>\n\n\n\n<div class=\"wp-block-columns is-layout-flex wp-container-core-columns-is-layout-9d6595d7 wp-block-columns-is-layout-flex\">\n<div class=\"wp-block-column is-layout-flow wp-block-column-is-layout-flow\" style=\"flex-basis:66.66%\">\n<p>The six engineers, accompanied by ETF&#8217;s materials manager, went behind the scenes of the work being carried out by Botte Fondations, a VINCI Construction entity. Located at the foot of l&#8217;Archipel &#8211; the VINCI Group&#8217;s head office &#8211; this project involves the construction of the Nanterre La Folie station and back station.<\/p>\n\n\n\n<p>The Graduates witnessed the construction of the diaphragm walls, structures essential to the stability and safety of the works. They were able to observe the specific machinery used and discover the technical particularities of using concrete for this type of structure. The visit gave participants a better understanding of a fundamental stage in infrastructure construction, well upstream of ETF&#8217;s work to lay the tracks.<\/p>\n\n\n\n<p>Over and above the technical aspects, this immersion provided an opportunity for a privileged exchange between two generations of Graduates. It was an opportunity for them to share experiences, strengthen ties and broaden their vision of professions that complement their own.<\/p>\n<\/div>\n\n\n\n<div class=\"wp-block-column is-layout-flow wp-block-column-is-layout-flow\" style=\"flex-basis:33.33%\">\n<figure class=\"wp-block-image size-large\"><img loading=\"lazy\" decoding=\"async\" width=\"472\" height=\"535\" src=\"https:\/\/www.etf.fr\/wp-content\/uploads\/2024\/12\/WhatsApp-Image-2024-12-10-at-11.11.07-472x535.jpg\" alt=\"\" class=\"wp-image-8154157\" srcset=\"https:\/\/www.etf.fr\/wp-content\/uploads\/2024\/12\/WhatsApp-Image-2024-12-10-at-11.11.07-472x535.jpg 472w, https:\/\/www.etf.fr\/wp-content\/uploads\/2024\/12\/WhatsApp-Image-2024-12-10-at-11.11.07-221x250.jpg 221w, https:\/\/www.etf.fr\/wp-content\/uploads\/2024\/12\/WhatsApp-Image-2024-12-10-at-11.11.07-349x395.jpg 349w, https:\/\/www.etf.fr\/wp-content\/uploads\/2024\/12\/WhatsApp-Image-2024-12-10-at-11.11.07.jpg 900w\" sizes=\"auto, (max-width: 472px) 100vw, 472px\" \/><\/figure>\n<\/div>\n<\/div>\n\n\n\n<div class=\"wp-block-columns is-layout-flex wp-container-core-columns-is-layout-9d6595d7 wp-block-columns-is-layout-flex\">\n<div class=\"wp-block-column is-layout-flow wp-block-column-is-layout-flow\"><\/div>\n\n\n\n<div class=\"wp-block-column is-layout-flow wp-block-column-is-layout-flow\"><\/div>\n<\/div>\n\n\n\n<figure class=\"wp-block-gallery has-nested-images columns-5 is-cropped wp-block-gallery-1 is-layout-flex wp-block-gallery-is-layout-flex\">\n<figure class=\"wp-block-image size-large\"><img loading=\"lazy\" decoding=\"async\" width=\"401\" height=\"535\" data-id=\"8154029\" src=\"https:\/\/www.etf.fr\/wp-content\/uploads\/2024\/12\/2024-11-28-Visite-NLF-ETF-Materiel-16-401x535.jpg\" alt=\"\" class=\"wp-image-8154029\" srcset=\"https:\/\/www.etf.fr\/wp-content\/uploads\/2024\/12\/2024-11-28-Visite-NLF-ETF-Materiel-16-401x535.jpg 401w, https:\/\/www.etf.fr\/wp-content\/uploads\/2024\/12\/2024-11-28-Visite-NLF-ETF-Materiel-16-188x250.jpg 188w, https:\/\/www.etf.fr\/wp-content\/uploads\/2024\/12\/2024-11-28-Visite-NLF-ETF-Materiel-16-296x395.jpg 296w, https:\/\/www.etf.fr\/wp-content\/uploads\/2024\/12\/2024-11-28-Visite-NLF-ETF-Materiel-16-1152x1536.jpg 1152w, https:\/\/www.etf.fr\/wp-content\/uploads\/2024\/12\/2024-11-28-Visite-NLF-ETF-Materiel-16-1536x2048.jpg 1536w, https:\/\/www.etf.fr\/wp-content\/uploads\/2024\/12\/2024-11-28-Visite-NLF-ETF-Materiel-16-scaled.jpg 1920w\" sizes=\"auto, (max-width: 401px) 100vw, 401px\" \/><\/figure>\n\n\n\n<figure class=\"wp-block-image size-large\"><img loading=\"lazy\" decoding=\"async\" width=\"951\" height=\"535\" data-id=\"8154027\" src=\"https:\/\/www.etf.fr\/wp-content\/uploads\/2024\/12\/WhatsApp-Image-2024-12-10-at-11.11.08-1-951x535.jpeg\" alt=\"\" class=\"wp-image-8154027\" srcset=\"https:\/\/www.etf.fr\/wp-content\/uploads\/2024\/12\/WhatsApp-Image-2024-12-10-at-11.11.08-1-951x535.jpeg 951w, https:\/\/www.etf.fr\/wp-content\/uploads\/2024\/12\/WhatsApp-Image-2024-12-10-at-11.11.08-1-250x141.jpeg 250w, https:\/\/www.etf.fr\/wp-content\/uploads\/2024\/12\/WhatsApp-Image-2024-12-10-at-11.11.08-1-702x395.jpeg 702w, https:\/\/www.etf.fr\/wp-content\/uploads\/2024\/12\/WhatsApp-Image-2024-12-10-at-11.11.08-1-1536x864.jpeg 1536w, https:\/\/www.etf.fr\/wp-content\/uploads\/2024\/12\/WhatsApp-Image-2024-12-10-at-11.11.08-1.jpeg 1600w\" sizes=\"auto, (max-width: 951px) 100vw, 951px\" \/><\/figure>\n\n\n\n<figure class=\"wp-block-image size-large\"><img loading=\"lazy\" decoding=\"async\" width=\"713\" height=\"535\" data-id=\"8154025\" src=\"https:\/\/www.etf.fr\/wp-content\/uploads\/2024\/12\/WhatsApp-Image-2024-12-10-at-11.14.58-1-713x535.jpeg\" alt=\"\" class=\"wp-image-8154025\" srcset=\"https:\/\/www.etf.fr\/wp-content\/uploads\/2024\/12\/WhatsApp-Image-2024-12-10-at-11.14.58-1-713x535.jpeg 713w, https:\/\/www.etf.fr\/wp-content\/uploads\/2024\/12\/WhatsApp-Image-2024-12-10-at-11.14.58-1-250x188.jpeg 250w, https:\/\/www.etf.fr\/wp-content\/uploads\/2024\/12\/WhatsApp-Image-2024-12-10-at-11.14.58-1-527x395.jpeg 527w, https:\/\/www.etf.fr\/wp-content\/uploads\/2024\/12\/WhatsApp-Image-2024-12-10-at-11.14.58-1-1536x1152.jpeg 1536w, https:\/\/www.etf.fr\/wp-content\/uploads\/2024\/12\/WhatsApp-Image-2024-12-10-at-11.14.58-1.jpeg 1600w\" sizes=\"auto, (max-width: 713px) 100vw, 713px\" \/><\/figure>\n\n\n\n<figure class=\"wp-block-image size-large\"><img loading=\"lazy\" decoding=\"async\" width=\"951\" height=\"535\" data-id=\"8154023\" src=\"https:\/\/www.etf.fr\/wp-content\/uploads\/2024\/12\/WhatsApp-Image-2024-12-10-at-11.11.09-951x535.jpeg\" alt=\"\" class=\"wp-image-8154023\" srcset=\"https:\/\/www.etf.fr\/wp-content\/uploads\/2024\/12\/WhatsApp-Image-2024-12-10-at-11.11.09-951x535.jpeg 951w, https:\/\/www.etf.fr\/wp-content\/uploads\/2024\/12\/WhatsApp-Image-2024-12-10-at-11.11.09-250x141.jpeg 250w, https:\/\/www.etf.fr\/wp-content\/uploads\/2024\/12\/WhatsApp-Image-2024-12-10-at-11.11.09-702x395.jpeg 702w, https:\/\/www.etf.fr\/wp-content\/uploads\/2024\/12\/WhatsApp-Image-2024-12-10-at-11.11.09-1536x864.jpeg 1536w, https:\/\/www.etf.fr\/wp-content\/uploads\/2024\/12\/WhatsApp-Image-2024-12-10-at-11.11.09.jpeg 1600w\" sizes=\"auto, (max-width: 951px) 100vw, 951px\" \/><\/figure>\n\n\n\n<figure class=\"wp-block-image size-large\"><img loading=\"lazy\" decoding=\"async\" width=\"301\" height=\"535\" data-id=\"8154021\" src=\"https:\/\/www.etf.fr\/wp-content\/uploads\/2024\/12\/WhatsApp-Image-2024-12-10-at-11.11.08-2-301x535.jpeg\" alt=\"\" class=\"wp-image-8154021\" srcset=\"https:\/\/www.etf.fr\/wp-content\/uploads\/2024\/12\/WhatsApp-Image-2024-12-10-at-11.11.08-2-301x535.jpeg 301w, https:\/\/www.etf.fr\/wp-content\/uploads\/2024\/12\/WhatsApp-Image-2024-12-10-at-11.11.08-2-141x250.jpeg 141w, https:\/\/www.etf.fr\/wp-content\/uploads\/2024\/12\/WhatsApp-Image-2024-12-10-at-11.11.08-2-222x395.jpeg 222w, https:\/\/www.etf.fr\/wp-content\/uploads\/2024\/12\/WhatsApp-Image-2024-12-10-at-11.11.08-2-864x1536.jpeg 864w, https:\/\/www.etf.fr\/wp-content\/uploads\/2024\/12\/WhatsApp-Image-2024-12-10-at-11.11.08-2.jpeg 1125w\" sizes=\"auto, (max-width: 301px) 100vw, 301px\" \/><\/figure>\n<\/figure>\n\n\n\n<p class=\"has-text-color has-background has-link-color wp-elements-9011e112b378af6254e9936410bb148c\" style=\"color:#004488;background-color:#e5f1f9\"><em><strong>CLOSE-UP ON THE LINE 15 WEST PROJECT: <\/strong>The IntenCit\u00e9s15 consortium has been chosen by the Soci\u00e9t\u00e9 des grands projets to carry out the first design-build contract for line 15 West, which will link Pont de S\u00e8vres station to La D\u00e9fense (92). The IntenCit\u00e9s15 consortium comprises both construction companies and architects: VINCI Construction subsidiaries with VINCI Construction Grands Projets as lead contractor, Chantiers Modernes Construction, Dodin Campenon Bernard, ETF, VINCI Energies (SDEL Transport Grands Projets), Razel-Bec, Fayat Energie Services, Ing\u00e9rop and Artelia for the integrated project management, and the architectural firms JFS Architectes, Grimshaw, AREP, archi5 and Philippe Gazeau Architecte.<\/em><\/p>\n\n\n\n<p><\/p>\n","protected":false},"excerpt":{"rendered":"<p>As they do every year, the current and former graduates of ETF&#8217;s Graduate Program Mat\u00e9riel left their usual worksites behind&#8230;<\/p>\n","protected":false},"author":239,"featured_media":8154157,"comment_status":"closed","ping_status":"closed","sticky":false,"template":"","format":"standard","meta":{"_acf_changed":false,"footnotes":""},"categories":[191],"tags":[],"class_list":["post-9541340","post","type-post","status-publish","format-standard","has-post-thumbnail","hentry","category-actualites-en"],"acf":[],"yoast_head":"<!-- This site is optimized with the Yoast SEO plugin v27.5 - https:\/\/yoast.com\/product\/yoast-seo-wordpress\/ -->\n<title>ETF Graduate Program in Materials meet on a Grand Paris Express worksite - ETF<\/title>\n<meta name=\"robots\" content=\"index, follow, max-snippet:-1, max-image-preview:large, max-video-preview:-1\" \/>\n<link rel=\"canonical\" href=\"https:\/\/www.etf.fr\/en\/actualites-en\/graduates-of-the-etf-graduate-program-in-materials-meet-on-a-grand-paris-express-worksite\/\" \/>\n<meta property=\"og:locale\" content=\"en_US\" \/>\n<meta property=\"og:type\" content=\"article\" \/>\n<meta property=\"og:title\" content=\"ETF Graduate Program in Materials meet on a Grand Paris Express worksite - ETF\" \/>\n<meta property=\"og:description\" content=\"As they do every year, the current and former graduates of ETF&#8217;s Graduate Program Mat\u00e9riel left their usual worksites behind...\" \/>\n<meta property=\"og:url\" content=\"https:\/\/www.etf.fr\/en\/actualites-en\/graduates-of-the-etf-graduate-program-in-materials-meet-on-a-grand-paris-express-worksite\/\" \/>\n<meta property=\"og:site_name\" content=\"ETF\" \/>\n<meta property=\"article:published_time\" content=\"2024-12-19T13:39:00+00:00\" \/>\n<meta property=\"article:modified_time\" content=\"2025-02-27T13:44:59+00:00\" \/>\n<meta property=\"og:image\" content=\"https:\/\/www.etf.fr\/wp-content\/uploads\/2024\/12\/WhatsApp-Image-2024-12-10-at-11.11.07.jpg\" \/>\n\t<meta property=\"og:image:width\" content=\"900\" \/>\n\t<meta property=\"og:image:height\" content=\"1020\" \/>\n\t<meta property=\"og:image:type\" content=\"image\/jpeg\" \/>\n<meta name=\"author\" content=\"chloe\" \/>\n<meta name=\"twitter:card\" content=\"summary_large_image\" \/>\n<meta name=\"twitter:label1\" content=\"Written by\" \/>\n\t<meta name=\"twitter:data1\" content=\"chloe\" \/>\n\t<meta name=\"twitter:label2\" content=\"Est. reading time\" \/>\n\t<meta name=\"twitter:data2\" content=\"3 minutes\" \/>\n<script type=\"application\/ld+json\" class=\"yoast-schema-graph\">{\"@context\":\"https:\\\/\\\/schema.org\",\"@graph\":[{\"@type\":\"Article\",\"@id\":\"https:\\\/\\\/www.etf.fr\\\/en\\\/actualites-en\\\/graduates-of-the-etf-graduate-program-in-materials-meet-on-a-grand-paris-express-worksite\\\/#article\",\"isPartOf\":{\"@id\":\"https:\\\/\\\/www.etf.fr\\\/en\\\/actualites-en\\\/graduates-of-the-etf-graduate-program-in-materials-meet-on-a-grand-paris-express-worksite\\\/\"},\"author\":{\"name\":\"chloe\",\"@id\":\"https:\\\/\\\/www.etf.fr\\\/#\\\/schema\\\/person\\\/b20334e710830573c2a3ba4ab9b7d679\"},\"headline\":\"ETF Graduate Program in Materials meet on a Grand Paris Express worksite\",\"datePublished\":\"2024-12-19T13:39:00+00:00\",\"dateModified\":\"2025-02-27T13:44:59+00:00\",\"mainEntityOfPage\":{\"@id\":\"https:\\\/\\\/www.etf.fr\\\/en\\\/actualites-en\\\/graduates-of-the-etf-graduate-program-in-materials-meet-on-a-grand-paris-express-worksite\\\/\"},\"wordCount\":317,\"publisher\":{\"@id\":\"https:\\\/\\\/www.etf.fr\\\/#organization\"},\"image\":{\"@id\":\"https:\\\/\\\/www.etf.fr\\\/en\\\/actualites-en\\\/graduates-of-the-etf-graduate-program-in-materials-meet-on-a-grand-paris-express-worksite\\\/#primaryimage\"},\"thumbnailUrl\":\"https:\\\/\\\/www.etf.fr\\\/wp-content\\\/uploads\\\/2024\\\/12\\\/WhatsApp-Image-2024-12-10-at-11.11.07.jpg\",\"articleSection\":[\"Actualit\u00e9s\"],\"inLanguage\":\"en-US\"},{\"@type\":\"WebPage\",\"@id\":\"https:\\\/\\\/www.etf.fr\\\/en\\\/actualites-en\\\/graduates-of-the-etf-graduate-program-in-materials-meet-on-a-grand-paris-express-worksite\\\/\",\"url\":\"https:\\\/\\\/www.etf.fr\\\/en\\\/actualites-en\\\/graduates-of-the-etf-graduate-program-in-materials-meet-on-a-grand-paris-express-worksite\\\/\",\"name\":\"ETF Graduate Program in Materials meet on a Grand Paris Express worksite - ETF\",\"isPartOf\":{\"@id\":\"https:\\\/\\\/www.etf.fr\\\/#website\"},\"primaryImageOfPage\":{\"@id\":\"https:\\\/\\\/www.etf.fr\\\/en\\\/actualites-en\\\/graduates-of-the-etf-graduate-program-in-materials-meet-on-a-grand-paris-express-worksite\\\/#primaryimage\"},\"image\":{\"@id\":\"https:\\\/\\\/www.etf.fr\\\/en\\\/actualites-en\\\/graduates-of-the-etf-graduate-program-in-materials-meet-on-a-grand-paris-express-worksite\\\/#primaryimage\"},\"thumbnailUrl\":\"https:\\\/\\\/www.etf.fr\\\/wp-content\\\/uploads\\\/2024\\\/12\\\/WhatsApp-Image-2024-12-10-at-11.11.07.jpg\",\"datePublished\":\"2024-12-19T13:39:00+00:00\",\"dateModified\":\"2025-02-27T13:44:59+00:00\",\"breadcrumb\":{\"@id\":\"https:\\\/\\\/www.etf.fr\\\/en\\\/actualites-en\\\/graduates-of-the-etf-graduate-program-in-materials-meet-on-a-grand-paris-express-worksite\\\/#breadcrumb\"},\"inLanguage\":\"en-US\",\"potentialAction\":[{\"@type\":\"ReadAction\",\"target\":[\"https:\\\/\\\/www.etf.fr\\\/en\\\/actualites-en\\\/graduates-of-the-etf-graduate-program-in-materials-meet-on-a-grand-paris-express-worksite\\\/\"]}]},{\"@type\":\"ImageObject\",\"inLanguage\":\"en-US\",\"@id\":\"https:\\\/\\\/www.etf.fr\\\/en\\\/actualites-en\\\/graduates-of-the-etf-graduate-program-in-materials-meet-on-a-grand-paris-express-worksite\\\/#primaryimage\",\"url\":\"https:\\\/\\\/www.etf.fr\\\/wp-content\\\/uploads\\\/2024\\\/12\\\/WhatsApp-Image-2024-12-10-at-11.11.07.jpg\",\"contentUrl\":\"https:\\\/\\\/www.etf.fr\\\/wp-content\\\/uploads\\\/2024\\\/12\\\/WhatsApp-Image-2024-12-10-at-11.11.07.jpg\",\"width\":900,\"height\":1020},{\"@type\":\"BreadcrumbList\",\"@id\":\"https:\\\/\\\/www.etf.fr\\\/en\\\/actualites-en\\\/graduates-of-the-etf-graduate-program-in-materials-meet-on-a-grand-paris-express-worksite\\\/#breadcrumb\",\"itemListElement\":[{\"@type\":\"ListItem\",\"position\":1,\"name\":\"Accueil\",\"item\":\"https:\\\/\\\/www.etf.fr\\\/en\\\/\"},{\"@type\":\"ListItem\",\"position\":2,\"name\":\"ETF Graduate Program in Materials meet on a Grand Paris Express worksite\"}]},{\"@type\":\"WebSite\",\"@id\":\"https:\\\/\\\/www.etf.fr\\\/#website\",\"url\":\"https:\\\/\\\/www.etf.fr\\\/\",\"name\":\"ETF\",\"description\":\"Your transport partner worldwide\",\"publisher\":{\"@id\":\"https:\\\/\\\/www.etf.fr\\\/#organization\"},\"potentialAction\":[{\"@type\":\"SearchAction\",\"target\":{\"@type\":\"EntryPoint\",\"urlTemplate\":\"https:\\\/\\\/www.etf.fr\\\/?s={search_term_string}\"},\"query-input\":{\"@type\":\"PropertyValueSpecification\",\"valueRequired\":true,\"valueName\":\"search_term_string\"}}],\"inLanguage\":\"en-US\"},{\"@type\":\"Organization\",\"@id\":\"https:\\\/\\\/www.etf.fr\\\/#organization\",\"name\":\"ETF\",\"url\":\"https:\\\/\\\/www.etf.fr\\\/\",\"logo\":{\"@type\":\"ImageObject\",\"inLanguage\":\"en-US\",\"@id\":\"https:\\\/\\\/www.etf.fr\\\/#\\\/schema\\\/logo\\\/image\\\/\",\"url\":\"https:\\\/\\\/www.etf.fr\\\/wp-content\\\/uploads\\\/2019\\\/03\\\/logo-ETF.png\",\"contentUrl\":\"https:\\\/\\\/www.etf.fr\\\/wp-content\\\/uploads\\\/2019\\\/03\\\/logo-ETF.png\",\"width\":272,\"height\":161,\"caption\":\"ETF\"},\"image\":{\"@id\":\"https:\\\/\\\/www.etf.fr\\\/#\\\/schema\\\/logo\\\/image\\\/\"}},{\"@type\":\"Person\",\"@id\":\"https:\\\/\\\/www.etf.fr\\\/#\\\/schema\\\/person\\\/b20334e710830573c2a3ba4ab9b7d679\",\"name\":\"chloe\",\"url\":\"https:\\\/\\\/www.etf.fr\\\/en\\\/author\\\/chloe\\\/\"}]}<\/script>\n<!-- \/ Yoast SEO plugin. -->","yoast_head_json":{"title":"ETF Graduate Program in Materials meet on a Grand Paris Express worksite - ETF","robots":{"index":"index","follow":"follow","max-snippet":"max-snippet:-1","max-image-preview":"max-image-preview:large","max-video-preview":"max-video-preview:-1"},"canonical":"https:\/\/www.etf.fr\/en\/actualites-en\/graduates-of-the-etf-graduate-program-in-materials-meet-on-a-grand-paris-express-worksite\/","og_locale":"en_US","og_type":"article","og_title":"ETF Graduate Program in Materials meet on a Grand Paris Express worksite - ETF","og_description":"As they do every year, the current and former graduates of ETF&#8217;s Graduate Program Mat\u00e9riel left their usual worksites behind...","og_url":"https:\/\/www.etf.fr\/en\/actualites-en\/graduates-of-the-etf-graduate-program-in-materials-meet-on-a-grand-paris-express-worksite\/","og_site_name":"ETF","article_published_time":"2024-12-19T13:39:00+00:00","article_modified_time":"2025-02-27T13:44:59+00:00","og_image":[{"width":900,"height":1020,"url":"https:\/\/www.etf.fr\/wp-content\/uploads\/2024\/12\/WhatsApp-Image-2024-12-10-at-11.11.07.jpg","type":"image\/jpeg"}],"author":"chloe","twitter_card":"summary_large_image","twitter_misc":{"Written by":"chloe","Est. reading time":"3 minutes"},"schema":{"@context":"https:\/\/schema.org","@graph":[{"@type":"Article","@id":"https:\/\/www.etf.fr\/en\/actualites-en\/graduates-of-the-etf-graduate-program-in-materials-meet-on-a-grand-paris-express-worksite\/#article","isPartOf":{"@id":"https:\/\/www.etf.fr\/en\/actualites-en\/graduates-of-the-etf-graduate-program-in-materials-meet-on-a-grand-paris-express-worksite\/"},"author":{"name":"chloe","@id":"https:\/\/www.etf.fr\/#\/schema\/person\/b20334e710830573c2a3ba4ab9b7d679"},"headline":"ETF Graduate Program in Materials meet on a Grand Paris Express worksite","datePublished":"2024-12-19T13:39:00+00:00","dateModified":"2025-02-27T13:44:59+00:00","mainEntityOfPage":{"@id":"https:\/\/www.etf.fr\/en\/actualites-en\/graduates-of-the-etf-graduate-program-in-materials-meet-on-a-grand-paris-express-worksite\/"},"wordCount":317,"publisher":{"@id":"https:\/\/www.etf.fr\/#organization"},"image":{"@id":"https:\/\/www.etf.fr\/en\/actualites-en\/graduates-of-the-etf-graduate-program-in-materials-meet-on-a-grand-paris-express-worksite\/#primaryimage"},"thumbnailUrl":"https:\/\/www.etf.fr\/wp-content\/uploads\/2024\/12\/WhatsApp-Image-2024-12-10-at-11.11.07.jpg","articleSection":["Actualit\u00e9s"],"inLanguage":"en-US"},{"@type":"WebPage","@id":"https:\/\/www.etf.fr\/en\/actualites-en\/graduates-of-the-etf-graduate-program-in-materials-meet-on-a-grand-paris-express-worksite\/","url":"https:\/\/www.etf.fr\/en\/actualites-en\/graduates-of-the-etf-graduate-program-in-materials-meet-on-a-grand-paris-express-worksite\/","name":"ETF Graduate Program in Materials meet on a Grand Paris Express worksite - ETF","isPartOf":{"@id":"https:\/\/www.etf.fr\/#website"},"primaryImageOfPage":{"@id":"https:\/\/www.etf.fr\/en\/actualites-en\/graduates-of-the-etf-graduate-program-in-materials-meet-on-a-grand-paris-express-worksite\/#primaryimage"},"image":{"@id":"https:\/\/www.etf.fr\/en\/actualites-en\/graduates-of-the-etf-graduate-program-in-materials-meet-on-a-grand-paris-express-worksite\/#primaryimage"},"thumbnailUrl":"https:\/\/www.etf.fr\/wp-content\/uploads\/2024\/12\/WhatsApp-Image-2024-12-10-at-11.11.07.jpg","datePublished":"2024-12-19T13:39:00+00:00","dateModified":"2025-02-27T13:44:59+00:00","breadcrumb":{"@id":"https:\/\/www.etf.fr\/en\/actualites-en\/graduates-of-the-etf-graduate-program-in-materials-meet-on-a-grand-paris-express-worksite\/#breadcrumb"},"inLanguage":"en-US","potentialAction":[{"@type":"ReadAction","target":["https:\/\/www.etf.fr\/en\/actualites-en\/graduates-of-the-etf-graduate-program-in-materials-meet-on-a-grand-paris-express-worksite\/"]}]},{"@type":"ImageObject","inLanguage":"en-US","@id":"https:\/\/www.etf.fr\/en\/actualites-en\/graduates-of-the-etf-graduate-program-in-materials-meet-on-a-grand-paris-express-worksite\/#primaryimage","url":"https:\/\/www.etf.fr\/wp-content\/uploads\/2024\/12\/WhatsApp-Image-2024-12-10-at-11.11.07.jpg","contentUrl":"https:\/\/www.etf.fr\/wp-content\/uploads\/2024\/12\/WhatsApp-Image-2024-12-10-at-11.11.07.jpg","width":900,"height":1020},{"@type":"BreadcrumbList","@id":"https:\/\/www.etf.fr\/en\/actualites-en\/graduates-of-the-etf-graduate-program-in-materials-meet-on-a-grand-paris-express-worksite\/#breadcrumb","itemListElement":[{"@type":"ListItem","position":1,"name":"Accueil","item":"https:\/\/www.etf.fr\/en\/"},{"@type":"ListItem","position":2,"name":"ETF Graduate Program in Materials meet on a Grand Paris Express worksite"}]},{"@type":"WebSite","@id":"https:\/\/www.etf.fr\/#website","url":"https:\/\/www.etf.fr\/","name":"ETF","description":"Your transport partner worldwide","publisher":{"@id":"https:\/\/www.etf.fr\/#organization"},"potentialAction":[{"@type":"SearchAction","target":{"@type":"EntryPoint","urlTemplate":"https:\/\/www.etf.fr\/?s={search_term_string}"},"query-input":{"@type":"PropertyValueSpecification","valueRequired":true,"valueName":"search_term_string"}}],"inLanguage":"en-US"},{"@type":"Organization","@id":"https:\/\/www.etf.fr\/#organization","name":"ETF","url":"https:\/\/www.etf.fr\/","logo":{"@type":"ImageObject","inLanguage":"en-US","@id":"https:\/\/www.etf.fr\/#\/schema\/logo\/image\/","url":"https:\/\/www.etf.fr\/wp-content\/uploads\/2019\/03\/logo-ETF.png","contentUrl":"https:\/\/www.etf.fr\/wp-content\/uploads\/2019\/03\/logo-ETF.png","width":272,"height":161,"caption":"ETF"},"image":{"@id":"https:\/\/www.etf.fr\/#\/schema\/logo\/image\/"}},{"@type":"Person","@id":"https:\/\/www.etf.fr\/#\/schema\/person\/b20334e710830573c2a3ba4ab9b7d679","name":"chloe","url":"https:\/\/www.etf.fr\/en\/author\/chloe\/"}]}},"_links":{"self":[{"href":"https:\/\/www.etf.fr\/en\/wp-json\/wp\/v2\/posts\/9541340","targetHints":{"allow":["GET"]}}],"collection":[{"href":"https:\/\/www.etf.fr\/en\/wp-json\/wp\/v2\/posts"}],"about":[{"href":"https:\/\/www.etf.fr\/en\/wp-json\/wp\/v2\/types\/post"}],"author":[{"embeddable":true,"href":"https:\/\/www.etf.fr\/en\/wp-json\/wp\/v2\/users\/239"}],"replies":[{"embeddable":true,"href":"https:\/\/www.etf.fr\/en\/wp-json\/wp\/v2\/comments?post=9541340"}],"version-history":[{"count":4,"href":"https:\/\/www.etf.fr\/en\/wp-json\/wp\/v2\/posts\/9541340\/revisions"}],"predecessor-version":[{"id":9541450,"href":"https:\/\/www.etf.fr\/en\/wp-json\/wp\/v2\/posts\/9541340\/revisions\/9541450"}],"wp:featuredmedia":[{"embeddable":true,"href":"https:\/\/www.etf.fr\/en\/wp-json\/wp\/v2\/media\/8154157"}],"wp:attachment":[{"href":"https:\/\/www.etf.fr\/en\/wp-json\/wp\/v2\/media?parent=9541340"}],"wp:term":[{"taxonomy":"category","embeddable":true,"href":"https:\/\/www.etf.fr\/en\/wp-json\/wp\/v2\/categories?post=9541340"},{"taxonomy":"post_tag","embeddable":true,"href":"https:\/\/www.etf.fr\/en\/wp-json\/wp\/v2\/tags?post=9541340"}],"curies":[{"name":"wp","href":"https:\/\/api.w.org\/{rel}","templated":true}]}}