{"id":9977771,"date":"2025-03-14T16:21:40","date_gmt":"2025-03-14T15:21:40","guid":{"rendered":"https:\/\/www.etf.fr\/uncategorized\/apres-20-ans-dinactivite-la-ligne-historique-jelenia-gora-karpacz-en-pologne-va-reprendre-du-service\/"},"modified":"2025-05-20T15:11:51","modified_gmt":"2025-05-20T13:11:51","slug":"poland-is-set-to-resume-service","status":"publish","type":"post","link":"https:\/\/www.etf.fr\/en\/actualites-en\/poland-is-set-to-resume-service\/","title":{"rendered":"After 20 years, the Jelenia G\u00f3ra &#8211; Karpacz line in Poland is set to resume service"},"content":{"rendered":"\n<p><strong><strong>ETF Polska is reviving the railway line connecting Jelenia G\u00f3ra to Karpacz in Poland, which has been closed for more than 20 years. Once a major transport route, this line is being reborn thanks to an investment from the Lower Silesian Voivodeship. The return of the first passenger trains is scheduled for the end of June 2025, marking an essential turning point for local infrastructure and tourism.<\/strong><\/strong><\/p>\n\n\n\n<p>Our Polish teams are working on the renewal of 7.5 km of track, the construction of 6 lit platforms, the modernisation of 3 engineering structures and the rehabilitation of 11 level crossings.<\/p>\n\n\n\n<div class=\"wp-block-columns is-layout-flex wp-container-core-columns-is-layout-9d6595d7 wp-block-columns-is-layout-flex\">\n<div class=\"wp-block-column is-layout-flow wp-block-column-is-layout-flow\">\n<h3 class=\"wp-block-heading\" id=\"karpacz,-une-station-de-montagne-pris\u00e9e\">Karpacz, a popular mountain resort<a href=\"https:\/\/vincic.sharepoint.com\/sites\/fr-one-etf\/SitePages\/R%C3%A9habilitation-de-la-ligne-historique-Jelenia-G%C3%B3ra---Karpacz-en-Pologne.aspx#karpacz%2C-une-station-de-montagne-pris%C3%A9e\"><\/a><\/h3>\n\n\n\n<p>Located in the valley of the \u0141omnica River, Karpacz is a must-see destination for its spectacular scenery and its access to \u015anie\u017cka, the highest peak of the Karkonosze Mountains. The reopening of the line will facilitate access to this picturesque region, attracting new visitors and stimulating the local economy.<\/p>\n\n\n\n<h3 class=\"wp-block-heading\" id=\"un-nouveau-client-pour-etf-polska\">A new customer for ETF Polska<a href=\"https:\/\/vincic.sharepoint.com\/sites\/fr-one-etf\/SitePages\/R%C3%A9habilitation-de-la-ligne-historique-Jelenia-G%C3%B3ra---Karpacz-en-Pologne.aspx#un-nouveau-client-pour-etf-polska\"><\/a><\/h3>\n\n\n\n<p>This project also marks a turning point for ETF Polska, which is teaming up with DSDiK, a new client. This strategic collaboration expands ETF Polska&#8217;s portfolio beyond its relationship with PKP PLK, thus strengthening its position in the railway sector in Poland.<\/p>\n\n\n\n<h3 class=\"wp-block-heading\" id=\"un-nouveau-contrat-pour-le-lot-signalisation\">A new contract for the signage lot<\/h3>\n\n\n\n<p><a href=\"https:\/\/vincic.sharepoint.com\/sites\/fr-one-etf\/SitePages\/R%C3%A9habilitation-de-la-ligne-historique-Jelenia-G%C3%B3ra---Karpacz-en-Pologne.aspx#un-nouveau-contrat-pour-le-lot-signalisation\"><\/a><\/p>\n\n\n\n<p>As a sign of the client&#8217;s renewed confidence, ETF Polska has been awarded a new contract for the signalling package on the same line. This project will help to improve traffic safety and efficiency by securing 12 level crossings and installing additional lighting and surveillance systems.<\/p>\n\n\n\n<p><\/p>\n<\/div>\n\n\n\n<div class=\"wp-block-column is-layout-flow wp-block-column-is-layout-flow\">\n<figure class=\"wp-block-image size-large\"><img loading=\"lazy\" decoding=\"async\" width=\"535\" height=\"535\" src=\"https:\/\/www.etf.fr\/wp-content\/uploads\/2025\/03\/KARPACZ-3-535x535.png\" alt=\"\" class=\"wp-image-9870006\" srcset=\"https:\/\/www.etf.fr\/wp-content\/uploads\/2025\/03\/KARPACZ-3-535x535.png 535w, https:\/\/www.etf.fr\/wp-content\/uploads\/2025\/03\/KARPACZ-3-250x250.png 250w, https:\/\/www.etf.fr\/wp-content\/uploads\/2025\/03\/KARPACZ-3-395x395.png 395w, https:\/\/www.etf.fr\/wp-content\/uploads\/2025\/03\/KARPACZ-3-500x500.png 500w, https:\/\/www.etf.fr\/wp-content\/uploads\/2025\/03\/KARPACZ-3.png 1080w\" sizes=\"auto, (max-width: 535px) 100vw, 535px\" \/><\/figure>\n<\/div>\n<\/div>\n\n\n\n<p>The modernisation of this line reflects ETF Polska&#8217;s commitment to providing sustainable transport solutions, while preserving the railway heritage of Lower Silesia.<\/p>\n\n\n\n<figure class=\"wp-block-gallery has-nested-images columns-default is-cropped wp-block-gallery-1 is-layout-flex wp-block-gallery-is-layout-flex\">\n<figure class=\"wp-block-image size-large\"><img loading=\"lazy\" decoding=\"async\" width=\"803\" height=\"535\" data-id=\"9805322\" src=\"https:\/\/www.etf.fr\/wp-content\/uploads\/2025\/03\/Karpacz01-803x535.jpg\" alt=\"\" class=\"wp-image-9805322\" srcset=\"https:\/\/www.etf.fr\/wp-content\/uploads\/2025\/03\/Karpacz01-803x535.jpg 803w, https:\/\/www.etf.fr\/wp-content\/uploads\/2025\/03\/Karpacz01-250x167.jpg 250w, https:\/\/www.etf.fr\/wp-content\/uploads\/2025\/03\/Karpacz01-593x395.jpg 593w, https:\/\/www.etf.fr\/wp-content\/uploads\/2025\/03\/Karpacz01-1536x1023.jpg 1536w, https:\/\/www.etf.fr\/wp-content\/uploads\/2025\/03\/Karpacz01-2048x1364.jpg 2048w\" sizes=\"auto, (max-width: 803px) 100vw, 803px\" \/><\/figure>\n\n\n\n<figure class=\"wp-block-image size-large\"><img loading=\"lazy\" decoding=\"async\" width=\"803\" height=\"535\" data-id=\"9805331\" src=\"https:\/\/www.etf.fr\/wp-content\/uploads\/2025\/03\/Karpacz06-803x535.jpg\" alt=\"\" class=\"wp-image-9805331\" srcset=\"https:\/\/www.etf.fr\/wp-content\/uploads\/2025\/03\/Karpacz06-803x535.jpg 803w, https:\/\/www.etf.fr\/wp-content\/uploads\/2025\/03\/Karpacz06-250x167.jpg 250w, https:\/\/www.etf.fr\/wp-content\/uploads\/2025\/03\/Karpacz06-593x395.jpg 593w, https:\/\/www.etf.fr\/wp-content\/uploads\/2025\/03\/Karpacz06-1536x1024.jpg 1536w, https:\/\/www.etf.fr\/wp-content\/uploads\/2025\/03\/Karpacz06-2048x1365.jpg 2048w\" sizes=\"auto, (max-width: 803px) 100vw, 803px\" \/><\/figure>\n\n\n\n<figure class=\"wp-block-image size-large\"><img loading=\"lazy\" decoding=\"async\" width=\"803\" height=\"535\" data-id=\"9805324\" src=\"https:\/\/www.etf.fr\/wp-content\/uploads\/2025\/03\/Karpacz04-803x535.jpg\" alt=\"\" class=\"wp-image-9805324\" srcset=\"https:\/\/www.etf.fr\/wp-content\/uploads\/2025\/03\/Karpacz04-803x535.jpg 803w, https:\/\/www.etf.fr\/wp-content\/uploads\/2025\/03\/Karpacz04-250x167.jpg 250w, https:\/\/www.etf.fr\/wp-content\/uploads\/2025\/03\/Karpacz04-593x395.jpg 593w, https:\/\/www.etf.fr\/wp-content\/uploads\/2025\/03\/Karpacz04-1536x1023.jpg 1536w, https:\/\/www.etf.fr\/wp-content\/uploads\/2025\/03\/Karpacz04-2048x1364.jpg 2048w\" sizes=\"auto, (max-width: 803px) 100vw, 803px\" \/><\/figure>\n\n\n\n<figure class=\"wp-block-image size-large\"><img loading=\"lazy\" decoding=\"async\" width=\"803\" height=\"535\" data-id=\"9805330\" src=\"https:\/\/www.etf.fr\/wp-content\/uploads\/2025\/03\/Karpacz09-803x535.jpg\" alt=\"\" class=\"wp-image-9805330\" srcset=\"https:\/\/www.etf.fr\/wp-content\/uploads\/2025\/03\/Karpacz09-803x535.jpg 803w, https:\/\/www.etf.fr\/wp-content\/uploads\/2025\/03\/Karpacz09-250x167.jpg 250w, https:\/\/www.etf.fr\/wp-content\/uploads\/2025\/03\/Karpacz09-593x395.jpg 593w, https:\/\/www.etf.fr\/wp-content\/uploads\/2025\/03\/Karpacz09-1536x1023.jpg 1536w, https:\/\/www.etf.fr\/wp-content\/uploads\/2025\/03\/Karpacz09-2048x1364.jpg 2048w\" sizes=\"auto, (max-width: 803px) 100vw, 803px\" \/><\/figure>\n\n\n\n<figure class=\"wp-block-image size-large\"><img loading=\"lazy\" decoding=\"async\" width=\"803\" height=\"535\" data-id=\"9805340\" src=\"https:\/\/www.etf.fr\/wp-content\/uploads\/2025\/03\/Karpacz15-803x535.jpg\" alt=\"\" class=\"wp-image-9805340\" srcset=\"https:\/\/www.etf.fr\/wp-content\/uploads\/2025\/03\/Karpacz15-803x535.jpg 803w, https:\/\/www.etf.fr\/wp-content\/uploads\/2025\/03\/Karpacz15-250x167.jpg 250w, https:\/\/www.etf.fr\/wp-content\/uploads\/2025\/03\/Karpacz15-593x395.jpg 593w, https:\/\/www.etf.fr\/wp-content\/uploads\/2025\/03\/Karpacz15-1536x1024.jpg 1536w, https:\/\/www.etf.fr\/wp-content\/uploads\/2025\/03\/Karpacz15-2048x1365.jpg 2048w\" sizes=\"auto, (max-width: 803px) 100vw, 803px\" \/><\/figure>\n\n\n\n<figure class=\"wp-block-image size-large\"><img loading=\"lazy\" decoding=\"async\" width=\"803\" height=\"535\" data-id=\"9805328\" src=\"https:\/\/www.etf.fr\/wp-content\/uploads\/2025\/03\/Karpacz10-803x535.jpg\" alt=\"\" class=\"wp-image-9805328\" srcset=\"https:\/\/www.etf.fr\/wp-content\/uploads\/2025\/03\/Karpacz10-803x535.jpg 803w, https:\/\/www.etf.fr\/wp-content\/uploads\/2025\/03\/Karpacz10-250x167.jpg 250w, https:\/\/www.etf.fr\/wp-content\/uploads\/2025\/03\/Karpacz10-593x395.jpg 593w, https:\/\/www.etf.fr\/wp-content\/uploads\/2025\/03\/Karpacz10-1536x1023.jpg 1536w, https:\/\/www.etf.fr\/wp-content\/uploads\/2025\/03\/Karpacz10-2048x1364.jpg 2048w\" sizes=\"auto, (max-width: 803px) 100vw, 803px\" \/><\/figure>\n\n\n\n<figure class=\"wp-block-image size-large\"><img loading=\"lazy\" decoding=\"async\" width=\"803\" height=\"535\" data-id=\"9805334\" src=\"https:\/\/www.etf.fr\/wp-content\/uploads\/2025\/03\/Karpacz11-803x535.jpg\" alt=\"\" class=\"wp-image-9805334\" srcset=\"https:\/\/www.etf.fr\/wp-content\/uploads\/2025\/03\/Karpacz11-803x535.jpg 803w, https:\/\/www.etf.fr\/wp-content\/uploads\/2025\/03\/Karpacz11-250x167.jpg 250w, https:\/\/www.etf.fr\/wp-content\/uploads\/2025\/03\/Karpacz11-593x395.jpg 593w, https:\/\/www.etf.fr\/wp-content\/uploads\/2025\/03\/Karpacz11-1536x1023.jpg 1536w, https:\/\/www.etf.fr\/wp-content\/uploads\/2025\/03\/Karpacz11-2048x1364.jpg 2048w\" sizes=\"auto, (max-width: 803px) 100vw, 803px\" \/><\/figure>\n\n\n\n<figure class=\"wp-block-image size-large\"><img loading=\"lazy\" decoding=\"async\" width=\"803\" height=\"535\" data-id=\"9805338\" src=\"https:\/\/www.etf.fr\/wp-content\/uploads\/2025\/03\/Karpacz14-803x535.jpg\" alt=\"\" class=\"wp-image-9805338\" srcset=\"https:\/\/www.etf.fr\/wp-content\/uploads\/2025\/03\/Karpacz14-803x535.jpg 803w, https:\/\/www.etf.fr\/wp-content\/uploads\/2025\/03\/Karpacz14-250x167.jpg 250w, https:\/\/www.etf.fr\/wp-content\/uploads\/2025\/03\/Karpacz14-593x395.jpg 593w, https:\/\/www.etf.fr\/wp-content\/uploads\/2025\/03\/Karpacz14-1536x1023.jpg 1536w, https:\/\/www.etf.fr\/wp-content\/uploads\/2025\/03\/Karpacz14-2048x1364.jpg 2048w\" sizes=\"auto, (max-width: 803px) 100vw, 803px\" \/><\/figure>\n\n\n\n<figure class=\"wp-block-image size-large\"><img loading=\"lazy\" decoding=\"async\" width=\"803\" height=\"535\" data-id=\"9805342\" src=\"https:\/\/www.etf.fr\/wp-content\/uploads\/2025\/03\/Karpacz17-803x535.jpg\" alt=\"\" class=\"wp-image-9805342\" srcset=\"https:\/\/www.etf.fr\/wp-content\/uploads\/2025\/03\/Karpacz17-803x535.jpg 803w, https:\/\/www.etf.fr\/wp-content\/uploads\/2025\/03\/Karpacz17-250x167.jpg 250w, https:\/\/www.etf.fr\/wp-content\/uploads\/2025\/03\/Karpacz17-593x395.jpg 593w, https:\/\/www.etf.fr\/wp-content\/uploads\/2025\/03\/Karpacz17-1536x1024.jpg 1536w, https:\/\/www.etf.fr\/wp-content\/uploads\/2025\/03\/Karpacz17-2048x1365.jpg 2048w\" sizes=\"auto, (max-width: 803px) 100vw, 803px\" \/><\/figure>\n\n\n\n<figure class=\"wp-block-image size-large\"><img loading=\"lazy\" decoding=\"async\" width=\"803\" height=\"535\" data-id=\"9805326\" src=\"https:\/\/www.etf.fr\/wp-content\/uploads\/2025\/03\/Karpacz07-803x535.jpg\" alt=\"\" class=\"wp-image-9805326\" srcset=\"https:\/\/www.etf.fr\/wp-content\/uploads\/2025\/03\/Karpacz07-803x535.jpg 803w, https:\/\/www.etf.fr\/wp-content\/uploads\/2025\/03\/Karpacz07-250x167.jpg 250w, https:\/\/www.etf.fr\/wp-content\/uploads\/2025\/03\/Karpacz07-593x395.jpg 593w, https:\/\/www.etf.fr\/wp-content\/uploads\/2025\/03\/Karpacz07-1536x1024.jpg 1536w, https:\/\/www.etf.fr\/wp-content\/uploads\/2025\/03\/Karpacz07-2048x1365.jpg 2048w\" sizes=\"auto, (max-width: 803px) 100vw, 803px\" \/><\/figure>\n\n\n\n<figure class=\"wp-block-image size-large\"><img loading=\"lazy\" decoding=\"async\" width=\"803\" height=\"535\" data-id=\"9805336\" src=\"https:\/\/www.etf.fr\/wp-content\/uploads\/2025\/03\/Karpacz12-803x535.jpg\" alt=\"\" class=\"wp-image-9805336\" srcset=\"https:\/\/www.etf.fr\/wp-content\/uploads\/2025\/03\/Karpacz12-803x535.jpg 803w, https:\/\/www.etf.fr\/wp-content\/uploads\/2025\/03\/Karpacz12-250x167.jpg 250w, https:\/\/www.etf.fr\/wp-content\/uploads\/2025\/03\/Karpacz12-593x395.jpg 593w, https:\/\/www.etf.fr\/wp-content\/uploads\/2025\/03\/Karpacz12-1536x1023.jpg 1536w, https:\/\/www.etf.fr\/wp-content\/uploads\/2025\/03\/Karpacz12-2048x1364.jpg 2048w\" sizes=\"auto, (max-width: 803px) 100vw, 803px\" \/><\/figure>\n<\/figure>\n","protected":false},"excerpt":{"rendered":"<p>ETF Polska is reviving the railway line connecting Jelenia G\u00f3ra to Karpacz in Poland, which has been closed for more&#8230;<\/p>\n","protected":false},"author":239,"featured_media":9805329,"comment_status":"closed","ping_status":"closed","sticky":false,"template":"","format":"standard","meta":{"_acf_changed":false,"footnotes":""},"categories":[228,191,119],"tags":[],"class_list":["post-9977771","post","type-post","status-publish","format-standard","has-post-thumbnail","hentry","category-rail-mobility","category-actualites-en","category-international-en"],"acf":[],"yoast_head":"<!-- This site is optimized with the Yoast SEO plugin v27.5 - https:\/\/yoast.com\/product\/yoast-seo-wordpress\/ -->\n<title>After 20 years, the Jelenia G\u00f3ra - Karpacz line in Poland is set to resume service - ETF<\/title>\n<meta name=\"robots\" content=\"index, follow, max-snippet:-1, max-image-preview:large, max-video-preview:-1\" \/>\n<link rel=\"canonical\" href=\"https:\/\/www.etf.fr\/en\/actualites-en\/poland-is-set-to-resume-service\/\" \/>\n<meta property=\"og:locale\" content=\"en_US\" \/>\n<meta property=\"og:type\" content=\"article\" \/>\n<meta property=\"og:title\" content=\"After 20 years, the Jelenia G\u00f3ra - Karpacz line in Poland is set to resume service - ETF\" \/>\n<meta property=\"og:description\" content=\"ETF Polska is reviving the railway line connecting Jelenia G\u00f3ra to Karpacz in Poland, which has been closed for more...\" \/>\n<meta property=\"og:url\" content=\"https:\/\/www.etf.fr\/en\/actualites-en\/poland-is-set-to-resume-service\/\" \/>\n<meta property=\"og:site_name\" content=\"ETF\" \/>\n<meta property=\"article:published_time\" content=\"2025-03-14T15:21:40+00:00\" \/>\n<meta property=\"article:modified_time\" content=\"2025-05-20T13:11:51+00:00\" \/>\n<meta property=\"og:image\" content=\"https:\/\/www.etf.fr\/wp-content\/uploads\/2025\/03\/Karpacz10.jpg\" \/>\n\t<meta property=\"og:image:width\" content=\"2403\" \/>\n\t<meta property=\"og:image:height\" content=\"1601\" \/>\n\t<meta property=\"og:image:type\" content=\"image\/jpeg\" \/>\n<meta name=\"author\" content=\"chloe\" \/>\n<meta name=\"twitter:card\" content=\"summary_large_image\" \/>\n<meta name=\"twitter:label1\" content=\"Written by\" \/>\n\t<meta name=\"twitter:data1\" content=\"chloe\" \/>\n\t<meta name=\"twitter:label2\" content=\"Est. reading time\" \/>\n\t<meta name=\"twitter:data2\" content=\"5 minutes\" \/>\n<script type=\"application\/ld+json\" class=\"yoast-schema-graph\">{\"@context\":\"https:\\\/\\\/schema.org\",\"@graph\":[{\"@type\":\"Article\",\"@id\":\"https:\\\/\\\/www.etf.fr\\\/en\\\/actualites-en\\\/poland-is-set-to-resume-service\\\/#article\",\"isPartOf\":{\"@id\":\"https:\\\/\\\/www.etf.fr\\\/en\\\/actualites-en\\\/poland-is-set-to-resume-service\\\/\"},\"author\":{\"name\":\"chloe\",\"@id\":\"https:\\\/\\\/www.etf.fr\\\/#\\\/schema\\\/person\\\/b20334e710830573c2a3ba4ab9b7d679\"},\"headline\":\"After 20 years, the Jelenia G\u00f3ra &#8211; Karpacz line in Poland is set to resume service\",\"datePublished\":\"2025-03-14T15:21:40+00:00\",\"dateModified\":\"2025-05-20T13:11:51+00:00\",\"mainEntityOfPage\":{\"@id\":\"https:\\\/\\\/www.etf.fr\\\/en\\\/actualites-en\\\/poland-is-set-to-resume-service\\\/\"},\"wordCount\":287,\"publisher\":{\"@id\":\"https:\\\/\\\/www.etf.fr\\\/#organization\"},\"image\":{\"@id\":\"https:\\\/\\\/www.etf.fr\\\/en\\\/actualites-en\\\/poland-is-set-to-resume-service\\\/#primaryimage\"},\"thumbnailUrl\":\"https:\\\/\\\/www.etf.fr\\\/wp-content\\\/uploads\\\/2025\\\/03\\\/Karpacz10.jpg\",\"articleSection\":[\"Rail mobility\",\"Actualit\u00e9s\",\"International\"],\"inLanguage\":\"en-US\"},{\"@type\":\"WebPage\",\"@id\":\"https:\\\/\\\/www.etf.fr\\\/en\\\/actualites-en\\\/poland-is-set-to-resume-service\\\/\",\"url\":\"https:\\\/\\\/www.etf.fr\\\/en\\\/actualites-en\\\/poland-is-set-to-resume-service\\\/\",\"name\":\"After 20 years, the Jelenia G\u00f3ra - Karpacz line in Poland is set to resume service - ETF\",\"isPartOf\":{\"@id\":\"https:\\\/\\\/www.etf.fr\\\/#website\"},\"primaryImageOfPage\":{\"@id\":\"https:\\\/\\\/www.etf.fr\\\/en\\\/actualites-en\\\/poland-is-set-to-resume-service\\\/#primaryimage\"},\"image\":{\"@id\":\"https:\\\/\\\/www.etf.fr\\\/en\\\/actualites-en\\\/poland-is-set-to-resume-service\\\/#primaryimage\"},\"thumbnailUrl\":\"https:\\\/\\\/www.etf.fr\\\/wp-content\\\/uploads\\\/2025\\\/03\\\/Karpacz10.jpg\",\"datePublished\":\"2025-03-14T15:21:40+00:00\",\"dateModified\":\"2025-05-20T13:11:51+00:00\",\"breadcrumb\":{\"@id\":\"https:\\\/\\\/www.etf.fr\\\/en\\\/actualites-en\\\/poland-is-set-to-resume-service\\\/#breadcrumb\"},\"inLanguage\":\"en-US\",\"potentialAction\":[{\"@type\":\"ReadAction\",\"target\":[\"https:\\\/\\\/www.etf.fr\\\/en\\\/actualites-en\\\/poland-is-set-to-resume-service\\\/\"]}]},{\"@type\":\"ImageObject\",\"inLanguage\":\"en-US\",\"@id\":\"https:\\\/\\\/www.etf.fr\\\/en\\\/actualites-en\\\/poland-is-set-to-resume-service\\\/#primaryimage\",\"url\":\"https:\\\/\\\/www.etf.fr\\\/wp-content\\\/uploads\\\/2025\\\/03\\\/Karpacz10.jpg\",\"contentUrl\":\"https:\\\/\\\/www.etf.fr\\\/wp-content\\\/uploads\\\/2025\\\/03\\\/Karpacz10.jpg\",\"width\":2403,\"height\":1601},{\"@type\":\"BreadcrumbList\",\"@id\":\"https:\\\/\\\/www.etf.fr\\\/en\\\/actualites-en\\\/poland-is-set-to-resume-service\\\/#breadcrumb\",\"itemListElement\":[{\"@type\":\"ListItem\",\"position\":1,\"name\":\"Accueil\",\"item\":\"https:\\\/\\\/www.etf.fr\\\/en\\\/\"},{\"@type\":\"ListItem\",\"position\":2,\"name\":\"After 20 years, the Jelenia G\u00f3ra &#8211; Karpacz line in Poland is set to resume service\"}]},{\"@type\":\"WebSite\",\"@id\":\"https:\\\/\\\/www.etf.fr\\\/#website\",\"url\":\"https:\\\/\\\/www.etf.fr\\\/\",\"name\":\"ETF\",\"description\":\"Your transport partner worldwide\",\"publisher\":{\"@id\":\"https:\\\/\\\/www.etf.fr\\\/#organization\"},\"potentialAction\":[{\"@type\":\"SearchAction\",\"target\":{\"@type\":\"EntryPoint\",\"urlTemplate\":\"https:\\\/\\\/www.etf.fr\\\/?s={search_term_string}\"},\"query-input\":{\"@type\":\"PropertyValueSpecification\",\"valueRequired\":true,\"valueName\":\"search_term_string\"}}],\"inLanguage\":\"en-US\"},{\"@type\":\"Organization\",\"@id\":\"https:\\\/\\\/www.etf.fr\\\/#organization\",\"name\":\"ETF\",\"url\":\"https:\\\/\\\/www.etf.fr\\\/\",\"logo\":{\"@type\":\"ImageObject\",\"inLanguage\":\"en-US\",\"@id\":\"https:\\\/\\\/www.etf.fr\\\/#\\\/schema\\\/logo\\\/image\\\/\",\"url\":\"https:\\\/\\\/www.etf.fr\\\/wp-content\\\/uploads\\\/2019\\\/03\\\/logo-ETF.png\",\"contentUrl\":\"https:\\\/\\\/www.etf.fr\\\/wp-content\\\/uploads\\\/2019\\\/03\\\/logo-ETF.png\",\"width\":272,\"height\":161,\"caption\":\"ETF\"},\"image\":{\"@id\":\"https:\\\/\\\/www.etf.fr\\\/#\\\/schema\\\/logo\\\/image\\\/\"}},{\"@type\":\"Person\",\"@id\":\"https:\\\/\\\/www.etf.fr\\\/#\\\/schema\\\/person\\\/b20334e710830573c2a3ba4ab9b7d679\",\"name\":\"chloe\",\"url\":\"https:\\\/\\\/www.etf.fr\\\/en\\\/author\\\/chloe\\\/\"}]}<\/script>\n<!-- \/ Yoast SEO plugin. -->","yoast_head_json":{"title":"After 20 years, the Jelenia G\u00f3ra - Karpacz line in Poland is set to resume service - ETF","robots":{"index":"index","follow":"follow","max-snippet":"max-snippet:-1","max-image-preview":"max-image-preview:large","max-video-preview":"max-video-preview:-1"},"canonical":"https:\/\/www.etf.fr\/en\/actualites-en\/poland-is-set-to-resume-service\/","og_locale":"en_US","og_type":"article","og_title":"After 20 years, the Jelenia G\u00f3ra - Karpacz line in Poland is set to resume service - ETF","og_description":"ETF Polska is reviving the railway line connecting Jelenia G\u00f3ra to Karpacz in Poland, which has been closed for more...","og_url":"https:\/\/www.etf.fr\/en\/actualites-en\/poland-is-set-to-resume-service\/","og_site_name":"ETF","article_published_time":"2025-03-14T15:21:40+00:00","article_modified_time":"2025-05-20T13:11:51+00:00","og_image":[{"width":2403,"height":1601,"url":"https:\/\/www.etf.fr\/wp-content\/uploads\/2025\/03\/Karpacz10.jpg","type":"image\/jpeg"}],"author":"chloe","twitter_card":"summary_large_image","twitter_misc":{"Written by":"chloe","Est. reading time":"5 minutes"},"schema":{"@context":"https:\/\/schema.org","@graph":[{"@type":"Article","@id":"https:\/\/www.etf.fr\/en\/actualites-en\/poland-is-set-to-resume-service\/#article","isPartOf":{"@id":"https:\/\/www.etf.fr\/en\/actualites-en\/poland-is-set-to-resume-service\/"},"author":{"name":"chloe","@id":"https:\/\/www.etf.fr\/#\/schema\/person\/b20334e710830573c2a3ba4ab9b7d679"},"headline":"After 20 years, the Jelenia G\u00f3ra &#8211; Karpacz line in Poland is set to resume service","datePublished":"2025-03-14T15:21:40+00:00","dateModified":"2025-05-20T13:11:51+00:00","mainEntityOfPage":{"@id":"https:\/\/www.etf.fr\/en\/actualites-en\/poland-is-set-to-resume-service\/"},"wordCount":287,"publisher":{"@id":"https:\/\/www.etf.fr\/#organization"},"image":{"@id":"https:\/\/www.etf.fr\/en\/actualites-en\/poland-is-set-to-resume-service\/#primaryimage"},"thumbnailUrl":"https:\/\/www.etf.fr\/wp-content\/uploads\/2025\/03\/Karpacz10.jpg","articleSection":["Rail mobility","Actualit\u00e9s","International"],"inLanguage":"en-US"},{"@type":"WebPage","@id":"https:\/\/www.etf.fr\/en\/actualites-en\/poland-is-set-to-resume-service\/","url":"https:\/\/www.etf.fr\/en\/actualites-en\/poland-is-set-to-resume-service\/","name":"After 20 years, the Jelenia G\u00f3ra - Karpacz line in Poland is set to resume service - ETF","isPartOf":{"@id":"https:\/\/www.etf.fr\/#website"},"primaryImageOfPage":{"@id":"https:\/\/www.etf.fr\/en\/actualites-en\/poland-is-set-to-resume-service\/#primaryimage"},"image":{"@id":"https:\/\/www.etf.fr\/en\/actualites-en\/poland-is-set-to-resume-service\/#primaryimage"},"thumbnailUrl":"https:\/\/www.etf.fr\/wp-content\/uploads\/2025\/03\/Karpacz10.jpg","datePublished":"2025-03-14T15:21:40+00:00","dateModified":"2025-05-20T13:11:51+00:00","breadcrumb":{"@id":"https:\/\/www.etf.fr\/en\/actualites-en\/poland-is-set-to-resume-service\/#breadcrumb"},"inLanguage":"en-US","potentialAction":[{"@type":"ReadAction","target":["https:\/\/www.etf.fr\/en\/actualites-en\/poland-is-set-to-resume-service\/"]}]},{"@type":"ImageObject","inLanguage":"en-US","@id":"https:\/\/www.etf.fr\/en\/actualites-en\/poland-is-set-to-resume-service\/#primaryimage","url":"https:\/\/www.etf.fr\/wp-content\/uploads\/2025\/03\/Karpacz10.jpg","contentUrl":"https:\/\/www.etf.fr\/wp-content\/uploads\/2025\/03\/Karpacz10.jpg","width":2403,"height":1601},{"@type":"BreadcrumbList","@id":"https:\/\/www.etf.fr\/en\/actualites-en\/poland-is-set-to-resume-service\/#breadcrumb","itemListElement":[{"@type":"ListItem","position":1,"name":"Accueil","item":"https:\/\/www.etf.fr\/en\/"},{"@type":"ListItem","position":2,"name":"After 20 years, the Jelenia G\u00f3ra &#8211; Karpacz line in Poland is set to resume service"}]},{"@type":"WebSite","@id":"https:\/\/www.etf.fr\/#website","url":"https:\/\/www.etf.fr\/","name":"ETF","description":"Your transport partner worldwide","publisher":{"@id":"https:\/\/www.etf.fr\/#organization"},"potentialAction":[{"@type":"SearchAction","target":{"@type":"EntryPoint","urlTemplate":"https:\/\/www.etf.fr\/?s={search_term_string}"},"query-input":{"@type":"PropertyValueSpecification","valueRequired":true,"valueName":"search_term_string"}}],"inLanguage":"en-US"},{"@type":"Organization","@id":"https:\/\/www.etf.fr\/#organization","name":"ETF","url":"https:\/\/www.etf.fr\/","logo":{"@type":"ImageObject","inLanguage":"en-US","@id":"https:\/\/www.etf.fr\/#\/schema\/logo\/image\/","url":"https:\/\/www.etf.fr\/wp-content\/uploads\/2019\/03\/logo-ETF.png","contentUrl":"https:\/\/www.etf.fr\/wp-content\/uploads\/2019\/03\/logo-ETF.png","width":272,"height":161,"caption":"ETF"},"image":{"@id":"https:\/\/www.etf.fr\/#\/schema\/logo\/image\/"}},{"@type":"Person","@id":"https:\/\/www.etf.fr\/#\/schema\/person\/b20334e710830573c2a3ba4ab9b7d679","name":"chloe","url":"https:\/\/www.etf.fr\/en\/author\/chloe\/"}]}},"_links":{"self":[{"href":"https:\/\/www.etf.fr\/en\/wp-json\/wp\/v2\/posts\/9977771","targetHints":{"allow":["GET"]}}],"collection":[{"href":"https:\/\/www.etf.fr\/en\/wp-json\/wp\/v2\/posts"}],"about":[{"href":"https:\/\/www.etf.fr\/en\/wp-json\/wp\/v2\/types\/post"}],"author":[{"embeddable":true,"href":"https:\/\/www.etf.fr\/en\/wp-json\/wp\/v2\/users\/239"}],"replies":[{"embeddable":true,"href":"https:\/\/www.etf.fr\/en\/wp-json\/wp\/v2\/comments?post=9977771"}],"version-history":[{"count":2,"href":"https:\/\/www.etf.fr\/en\/wp-json\/wp\/v2\/posts\/9977771\/revisions"}],"predecessor-version":[{"id":10166642,"href":"https:\/\/www.etf.fr\/en\/wp-json\/wp\/v2\/posts\/9977771\/revisions\/10166642"}],"wp:featuredmedia":[{"embeddable":true,"href":"https:\/\/www.etf.fr\/en\/wp-json\/wp\/v2\/media\/9805329"}],"wp:attachment":[{"href":"https:\/\/www.etf.fr\/en\/wp-json\/wp\/v2\/media?parent=9977771"}],"wp:term":[{"taxonomy":"category","embeddable":true,"href":"https:\/\/www.etf.fr\/en\/wp-json\/wp\/v2\/categories?post=9977771"},{"taxonomy":"post_tag","embeddable":true,"href":"https:\/\/www.etf.fr\/en\/wp-json\/wp\/v2\/tags?post=9977771"}],"curies":[{"name":"wp","href":"https:\/\/api.w.org\/{rel}","templated":true}]}}